{"id":135554,"date":"2025-02-18T01:01:53","date_gmt":"2025-02-18T06:01:53","guid":{"rendered":"https:\/\/elinformanteperu.com\/?p=135554"},"modified":"2025-02-18T01:01:53","modified_gmt":"2025-02-18T06:01:53","slug":"cal-se-pronuncia-sobre-fallo-que-origino-proceso-a-presidenta-del-poder-judicial","status":"publish","type":"post","link":"https:\/\/elinformanteperu.com\/index.php\/2025\/02\/18\/cal-se-pronuncia-sobre-fallo-que-origino-proceso-a-presidenta-del-poder-judicial\/","title":{"rendered":"CAL se pronuncia sobre fallo que origin\u00f3 proceso a presidenta del Poder Judicial"},"content":{"rendered":"<p><strong><span style=\"color: #000000;\">Tribunal de \u00c9tica de citada instituci\u00f3n eval\u00faa abrir proceso disciplinario a integrantes de la JNJ<\/span><\/strong><\/p>\n<p><span style=\"color: #000000;\"><strong>Lima, 17 de febrero 2025, (ANDINA).-<\/strong> El decano del Colegio de Abogado de Lima (CAL), Ra\u00fal Canelo Rabanal, inform\u00f3 que esta instituci\u00f3n hizo un an\u00e1lisis de la sentencia de casaci\u00f3n que origin\u00f3 un proceso disciplinario inmediato contra la presidenta del Poder Judicial, Janet Tello Gilardi, y concluy\u00f3 que esta no aplic\u00f3 una norma derogada, como se\u00f1alar\u00eda la Junta Nacional de Justicia (JNJ).<\/span><\/p>\n<p><span style=\"color: #000000;\">Fue durante una reuni\u00f3n que sostuvo con otros integrantes del CAL y la Presidenta del Poder Judicial para expresarle su confianza y solidaridad ante la decisi\u00f3n de la JNJ, adem\u00e1s de tratar otros temas de inter\u00e9s para ambas instituciones.<\/span><\/p>\n<p><span style=\"color: #000000;\">Canelo Rabanal rechaz\u00f3 la actitud de la JNJ de abrir el mencionado proceso porque afecta el debido proceso, el Estado de derecho, la divisi\u00f3n de poderes, la independencia jurisdiccional, que son pilares de la democracia. \u201cEs un acto pol\u00edtico que afecta gravemente la independencia de los jueces\u201d, remarc\u00f3.<\/span><\/p>\n<p><span style=\"color: #000000;\">El representante de los abogados se\u00f1al\u00f3 que, en las pr\u00f3ximas horas, pondr\u00e1 en conocimiento este hecho irregular ante la Comisi\u00f3n Interamericana de Derechos Humanos, porque atenta contra la independencia de juezas y jueces.<\/span><\/p>\n<p><a href=\"https:\/\/elinformanteperu.com\/wp-content\/uploads\/2025\/02\/janet-tello-cal1.jpg\"><img fetchpriority=\"high\" decoding=\"async\" class=\"size-full wp-image-135556 aligncenter\" src=\"https:\/\/elinformanteperu.com\/wp-content\/uploads\/2025\/02\/janet-tello-cal1.jpg\" alt=\"\" width=\"500\" height=\"333\" srcset=\"https:\/\/elinformanteperu.com\/wp-content\/uploads\/2025\/02\/janet-tello-cal1.jpg 500w, https:\/\/elinformanteperu.com\/wp-content\/uploads\/2025\/02\/janet-tello-cal1-300x200.jpg 300w\" sizes=\"(max-width: 500px) 100vw, 500px\" \/><\/a><span style=\"color: #000000;\">En la cita, Canelo Rabanal estuvo acompa\u00f1ado de los directores de \u00c9tica Profesional, y de Extensi\u00f3n Social y Participaci\u00f3n del CAL, Mauro Leandro Mart\u00edn y Juan Humberto Quiroz Rosas, respectivamente.<\/span><\/p>\n<p><span style=\"color: #000000;\">Leandro Mart\u00edn sostuvo que la sentencia de casaci\u00f3n expedida por Tello Gilardi y los dem\u00e1s integrantes de la Primera Sala de Derecho Constitucional y Social Permanente de la Corte Suprema, materia de la controversia, \u201ces una sentencia impecable\u201d.<\/span><\/p>\n<p><span style=\"color: #000000;\">Adelant\u00f3 que la comisi\u00f3n que preside eval\u00faa abrir un proceso disciplinario a los integrantes de la JNJ, porque con el inicio de la investigaci\u00f3n a Tello Gilardi utilizan la pol\u00edtica para desestabilizar al Poder Judicial, afectando la divisi\u00f3n de poderes y la democracia.<\/span><\/p>\n<p><span style=\"color: #000000;\">\u201cSi bien son integrantes de la JNJ, no dejan de ser abogados, lo que han decidido es muy grave; no es la primera vez que iniciamos este tipo de proceso, ya lo hemos hecho con abogados que son congresistas y otras autoridades\u201d, indic\u00f3.<\/span><\/p>\n<p><span style=\"color: #000000;\">Por su parte, la titular del Poder Judicial agradeci\u00f3 el respaldo del CAL a trav\u00e9s de un pronunciamiento p\u00fablico, y cuestion\u00f3 que la JNJ se haya avocado a un proceso que a\u00fan est\u00e1 en tr\u00e1mite en Poder Judicial.<\/span><\/p>\n<p><span style=\"color: #000000;\">\u201cGracias por su posici\u00f3n de apoyo, el CAL ha hecho sentir su voz, nos devuelve la esperanza a la comunidad jur\u00eddica y a la poblaci\u00f3n en general\u201d, se\u00f1al\u00f3.<\/span><\/p>\n","protected":false},"excerpt":{"rendered":"<p>Tribunal de \u00c9tica de citada instituci\u00f3n eval\u00faa abrir proceso disciplinario a integrantes de la JNJ Lima, 17 de febrero 2025, (ANDINA).- El decano del Colegio de Abogado de Lima (CAL), Ra\u00fal Canelo Rabanal, inform\u00f3 que esta instituci\u00f3n hizo un an\u00e1lisis de la sentencia de casaci\u00f3n que origin\u00f3 un proceso disciplinario inmediato contra la presidenta del [&hellip;]<\/p>\n","protected":false},"author":1,"featured_media":135555,"comment_status":"closed","ping_status":"closed","sticky":false,"template":"","format":"standard","meta":{"rop_custom_images_group":[],"rop_custom_messages_group":[],"rop_publish_now":"initial","rop_publish_now_accounts":[],"rop_publish_now_history":[],"rop_publish_now_status":"pending","footnotes":""},"categories":[5],"tags":[2275,8076,3693,3573,163],"class_list":["post-135554","post","type-post","status-publish","format-standard","has-post-thumbnail","hentry","category-actualidad-informativa","tag-cal","tag-janet-tello","tag-jnj","tag-junta-nacional-de-justicia","tag-poder-judicial"],"_links":{"self":[{"href":"https:\/\/elinformanteperu.com\/index.php\/wp-json\/wp\/v2\/posts\/135554","targetHints":{"allow":["GET"]}}],"collection":[{"href":"https:\/\/elinformanteperu.com\/index.php\/wp-json\/wp\/v2\/posts"}],"about":[{"href":"https:\/\/elinformanteperu.com\/index.php\/wp-json\/wp\/v2\/types\/post"}],"author":[{"embeddable":true,"href":"https:\/\/elinformanteperu.com\/index.php\/wp-json\/wp\/v2\/users\/1"}],"replies":[{"embeddable":true,"href":"https:\/\/elinformanteperu.com\/index.php\/wp-json\/wp\/v2\/comments?post=135554"}],"version-history":[{"count":1,"href":"https:\/\/elinformanteperu.com\/index.php\/wp-json\/wp\/v2\/posts\/135554\/revisions"}],"predecessor-version":[{"id":135557,"href":"https:\/\/elinformanteperu.com\/index.php\/wp-json\/wp\/v2\/posts\/135554\/revisions\/135557"}],"wp:featuredmedia":[{"embeddable":true,"href":"https:\/\/elinformanteperu.com\/index.php\/wp-json\/wp\/v2\/media\/135555"}],"wp:attachment":[{"href":"https:\/\/elinformanteperu.com\/index.php\/wp-json\/wp\/v2\/media?parent=135554"}],"wp:term":[{"taxonomy":"category","embeddable":true,"href":"https:\/\/elinformanteperu.com\/index.php\/wp-json\/wp\/v2\/categories?post=135554"},{"taxonomy":"post_tag","embeddable":true,"href":"https:\/\/elinformanteperu.com\/index.php\/wp-json\/wp\/v2\/tags?post=135554"}],"curies":[{"name":"wp","href":"https:\/\/api.w.org\/{rel}","templated":true}]}}