{"id":13555,"date":"2017-07-25T01:32:47","date_gmt":"2017-07-25T06:32:47","guid":{"rendered":"http:\/\/elinformanteperu.com\/?p=13555"},"modified":"2017-07-25T01:32:47","modified_gmt":"2017-07-25T06:32:47","slug":"mulder-participacion-en-lista-con-acuna-y-galarreta-no-supone-un-pacto-politico","status":"publish","type":"post","link":"https:\/\/elinformanteperu.com\/index.php\/2017\/07\/25\/mulder-participacion-en-lista-con-acuna-y-galarreta-no-supone-un-pacto-politico\/","title":{"rendered":"Mulder: participaci\u00f3n en lista con Acu\u00f1a y Galarreta no supone un pacto pol\u00edtico"},"content":{"rendered":"<p><strong><span style=\"color: #000000;\">El congresista aprista Mauricio Mulder se\u00f1al\u00f3 que su participaci\u00f3n en la lista para conducir la Mesa Directiva del Congreso no representa un pacto pol\u00edtico.<\/span><\/strong><\/p>\n<p><span style=\"color: #000000;\"><strong>Lima, 24 Julio 2017, (ANDINA).-<\/strong> El congresista Mauricio Mulder, de la bancada del APRA, se\u00f1al\u00f3 que su participaci\u00f3n en la lista para conducir la Mesa Directiva del Congreso con Fuerza Popular y Alianza para el Progreso, no representa un pacto pol\u00edtico con esas agrupaciones.<\/span><\/p>\n<p><span style=\"color: #000000;\">\u201cNosotros estamos siempre con las posiciones que lleven a los encuentros, consensos y participar en este caso con Alianza para el Progreso y Fuerza Popular en la conducci\u00f3n de la Mesa Directiva no supone un pacto pol\u00edtico; sino un entendimiento de car\u00e1cter administrativo que tiene m\u00e1s de simb\u00f3lico que real\u00bb, precis\u00f3.<\/span><\/p>\n<p><span style=\"color: #000000;\">La lista que presentar\u00e1 Fuerza Popular (FP) para la Mesa Directiva del Congreso estar\u00e1 encabezada por el congresista Luis Galarreta, quien estar\u00e1 acompa\u00f1ado por los parlamentarios Mario Mantilla, Richard Acu\u00f1a, y Mauricio Mulder en las vicepresidencias.<\/span><\/p>\n<p><span style=\"color: #000000;\">Mulder tambi\u00e9n refiri\u00f3 que una de las primeras acciones de la Mesa Directiva ser\u00e1 impulsar la reforma electoral y la reactivaci\u00f3n de la econom\u00eda.<\/span><\/p>\n<p><span style=\"color: #000000;\">\u00abLo primero y lo urgente es establecer primero los lineamientos b\u00e1sicos de la reforma electoral. Lo segundo son los temas que permitan la recuperaci\u00f3n econ\u00f3mica del pa\u00eds\u00bb, declar\u00f3 en Canal N.<\/span><\/p>\n<p><strong><span style=\"color: #000000;\">Comisiones<\/span><\/strong><\/p>\n<p><span style=\"color: #000000;\">En otro momento, detall\u00f3 que en la bancada del Partido Aprista se acord\u00f3 rotar los cargos de voceros y en las comisiones.<\/span><\/p>\n<p><span style=\"color: #000000;\">En ese sentido, dijo que vocero de dicha bancada ser\u00e1 el congresista Jorge del Castillo, y el alterno ser\u00e1 Javier Vel\u00e1squez Quesqu\u00e9n.<\/span><\/p>\n<p><span style=\"color: #000000;\">Agreg\u00f3 que Javier Vel\u00e1squez Quesqu\u00e9n ser\u00e1 presidente de la Comisi\u00f3n de Defensa y la presidencia de la Comisi\u00f3n de Inmunidad Parlamentaria estar\u00e1 a cargo del congresista El\u00edas Rodr\u00edguez.<\/span><\/p>\n","protected":false},"excerpt":{"rendered":"<p>El congresista aprista Mauricio Mulder se\u00f1al\u00f3 que su participaci\u00f3n en la lista para conducir la Mesa Directiva del Congreso no representa un pacto pol\u00edtico. Lima, 24 Julio 2017, (ANDINA).- El congresista Mauricio Mulder, de la bancada del APRA, se\u00f1al\u00f3 que su participaci\u00f3n en la lista para conducir la Mesa Directiva del Congreso con Fuerza Popular [&hellip;]<\/p>\n","protected":false},"author":1,"featured_media":13556,"comment_status":"open","ping_status":"open","sticky":false,"template":"","format":"standard","meta":{"rop_custom_images_group":[],"rop_custom_messages_group":[],"rop_publish_now":"initial","rop_publish_now_accounts":[],"rop_publish_now_history":[],"rop_publish_now_status":"pending","footnotes":""},"categories":[5],"tags":[275,555,295,383],"class_list":["post-13555","post","type-post","status-publish","format-standard","has-post-thumbnail","hentry","category-actualidad-informativa","tag-alianza-para-el-progreso","tag-apra","tag-fuerza-popular","tag-mauricio-mulder"],"_links":{"self":[{"href":"https:\/\/elinformanteperu.com\/index.php\/wp-json\/wp\/v2\/posts\/13555","targetHints":{"allow":["GET"]}}],"collection":[{"href":"https:\/\/elinformanteperu.com\/index.php\/wp-json\/wp\/v2\/posts"}],"about":[{"href":"https:\/\/elinformanteperu.com\/index.php\/wp-json\/wp\/v2\/types\/post"}],"author":[{"embeddable":true,"href":"https:\/\/elinformanteperu.com\/index.php\/wp-json\/wp\/v2\/users\/1"}],"replies":[{"embeddable":true,"href":"https:\/\/elinformanteperu.com\/index.php\/wp-json\/wp\/v2\/comments?post=13555"}],"version-history":[{"count":1,"href":"https:\/\/elinformanteperu.com\/index.php\/wp-json\/wp\/v2\/posts\/13555\/revisions"}],"predecessor-version":[{"id":13557,"href":"https:\/\/elinformanteperu.com\/index.php\/wp-json\/wp\/v2\/posts\/13555\/revisions\/13557"}],"wp:featuredmedia":[{"embeddable":true,"href":"https:\/\/elinformanteperu.com\/index.php\/wp-json\/wp\/v2\/media\/13556"}],"wp:attachment":[{"href":"https:\/\/elinformanteperu.com\/index.php\/wp-json\/wp\/v2\/media?parent=13555"}],"wp:term":[{"taxonomy":"category","embeddable":true,"href":"https:\/\/elinformanteperu.com\/index.php\/wp-json\/wp\/v2\/categories?post=13555"},{"taxonomy":"post_tag","embeddable":true,"href":"https:\/\/elinformanteperu.com\/index.php\/wp-json\/wp\/v2\/tags?post=13555"}],"curies":[{"name":"wp","href":"https:\/\/api.w.org\/{rel}","templated":true}]}}