{"id":13550,"date":"2017-07-25T01:22:26","date_gmt":"2017-07-25T06:22:26","guid":{"rendered":"http:\/\/elinformanteperu.com\/?p=13550"},"modified":"2017-07-25T01:22:26","modified_gmt":"2017-07-25T06:22:26","slug":"acuna-y-mulder-integraran-mesa-directiva-encabezada-por-galarreta","status":"publish","type":"post","link":"https:\/\/elinformanteperu.com\/index.php\/2017\/07\/25\/acuna-y-mulder-integraran-mesa-directiva-encabezada-por-galarreta\/","title":{"rendered":"Acu\u00f1a y Mulder integrar\u00e1n Mesa Directiva encabezada por Galarreta"},"content":{"rendered":"<p><span style=\"color: #000000;\"><strong>La lista que presentar\u00e1 Fuerza Popular estar\u00e1 encabezada por Luis Galarreta, acompa\u00f1ado de Mario Mantilla, Richard Acu\u00f1a, y Mauricio Mulder en las vicepresidencias.<\/strong><\/span><\/p>\n<p><span style=\"color: #000000;\"><strong>Lima, 24 Julio 2017, (ANDINA).-<\/strong> La lista que presentar\u00e1 Fuerza Popular (FP) para la Mesa Directiva del Congreso estar\u00e1 encabezada por el congresista Luis Galarreta, quien estar\u00e1 acompa\u00f1ado por los parlamentarios Mario Mantilla, Richard Acu\u00f1a, y Mauricio Mulder en las vicepresidencias.<\/span><\/p>\n<p><span style=\"color: #000000;\">El nuevo vocero de Fuerza Popular, Daniel Salaverry, difundi\u00f3 en su cuenta en Twitter la lista que ser\u00e1 inscrita ma\u00f1ana en el Parlamento.<\/span><\/p>\n<p><span style=\"color: #000000;\">Mario Mantilla, de FP, es el candidato a la primera vicepresidencia, Richard Acu\u00f1a (Alianza para el Progreso) a la segunda vicepresidencia y Mauricio Mulder (APRA) a la tercera vicepresidencia del Congreso.<\/span><\/p>\n<p><span style=\"color: #000000;\">Seg\u00fan la convocatoria a las elecciones de la Mesa Directiva, la presentaci\u00f3n de las listas de candidatos, un presidente y tres vicepresidentes, tiene como plazo final ma\u00f1ana a las 10:00 horas.<\/span><\/p>\n<p><span style=\"color: #000000;\">Un d\u00eda despu\u00e9s, a la misma hora, se realizar\u00e1 el proceso de elecci\u00f3n en el Hemiciclo del Parlamento Nacional.<\/span><\/p>\n","protected":false},"excerpt":{"rendered":"<p>La lista que presentar\u00e1 Fuerza Popular estar\u00e1 encabezada por Luis Galarreta, acompa\u00f1ado de Mario Mantilla, Richard Acu\u00f1a, y Mauricio Mulder en las vicepresidencias. Lima, 24 Julio 2017, (ANDINA).- La lista que presentar\u00e1 Fuerza Popular (FP) para la Mesa Directiva del Congreso estar\u00e1 encabezada por el congresista Luis Galarreta, quien estar\u00e1 acompa\u00f1ado por los parlamentarios Mario [&hellip;]<\/p>\n","protected":false},"author":1,"featured_media":6326,"comment_status":"open","ping_status":"open","sticky":false,"template":"","format":"standard","meta":{"rop_custom_images_group":[],"rop_custom_messages_group":[],"rop_publish_now":"initial","rop_publish_now_accounts":[],"rop_publish_now_history":[],"rop_publish_now_status":"pending","footnotes":""},"categories":[5],"tags":[192,382,383,251],"class_list":["post-13550","post","type-post","status-publish","format-standard","has-post-thumbnail","hentry","category-actualidad-informativa","tag-congreso","tag-luis-galarreta","tag-mauricio-mulder","tag-richard-acuna"],"_links":{"self":[{"href":"https:\/\/elinformanteperu.com\/index.php\/wp-json\/wp\/v2\/posts\/13550","targetHints":{"allow":["GET"]}}],"collection":[{"href":"https:\/\/elinformanteperu.com\/index.php\/wp-json\/wp\/v2\/posts"}],"about":[{"href":"https:\/\/elinformanteperu.com\/index.php\/wp-json\/wp\/v2\/types\/post"}],"author":[{"embeddable":true,"href":"https:\/\/elinformanteperu.com\/index.php\/wp-json\/wp\/v2\/users\/1"}],"replies":[{"embeddable":true,"href":"https:\/\/elinformanteperu.com\/index.php\/wp-json\/wp\/v2\/comments?post=13550"}],"version-history":[{"count":1,"href":"https:\/\/elinformanteperu.com\/index.php\/wp-json\/wp\/v2\/posts\/13550\/revisions"}],"predecessor-version":[{"id":13551,"href":"https:\/\/elinformanteperu.com\/index.php\/wp-json\/wp\/v2\/posts\/13550\/revisions\/13551"}],"wp:featuredmedia":[{"embeddable":true,"href":"https:\/\/elinformanteperu.com\/index.php\/wp-json\/wp\/v2\/media\/6326"}],"wp:attachment":[{"href":"https:\/\/elinformanteperu.com\/index.php\/wp-json\/wp\/v2\/media?parent=13550"}],"wp:term":[{"taxonomy":"category","embeddable":true,"href":"https:\/\/elinformanteperu.com\/index.php\/wp-json\/wp\/v2\/categories?post=13550"},{"taxonomy":"post_tag","embeddable":true,"href":"https:\/\/elinformanteperu.com\/index.php\/wp-json\/wp\/v2\/tags?post=13550"}],"curies":[{"name":"wp","href":"https:\/\/api.w.org\/{rel}","templated":true}]}}