{"id":135473,"date":"2025-02-17T19:28:20","date_gmt":"2025-02-18T00:28:20","guid":{"rendered":"https:\/\/elinformanteperu.com\/?p=135473"},"modified":"2025-02-17T19:53:07","modified_gmt":"2025-02-18T00:53:07","slug":"paquita-la-del-barrio-fallecio-a-los-77-anos","status":"publish","type":"post","link":"https:\/\/elinformanteperu.com\/index.php\/2025\/02\/17\/paquita-la-del-barrio-fallecio-a-los-77-anos\/","title":{"rendered":"Paquita la del barrio falleci\u00f3 a los 77 a\u00f1os"},"content":{"rendered":"<p><span style=\"color: #000000;\"><strong>Lima, 17 de febrero 2025, (ANDINA).-<\/strong> Paquita la del Barrio falleci\u00f3 a los 77 a\u00f1os, dejando un legado imborrable en la m\u00fasica ranchera y popular. En nuestro pa\u00eds se hizo conocida por su tema \u00abRata de dos patas\u00bb.<\/span><\/p>\n<p><span style=\"color: #000000;\">\u201cCon profundo dolor y tristeza, confirmamos el sensible fallecimiento de nuestra querida \u201cPaquita la del Barrio\u201d, en su hogar en Veracruz, siendo una artista \u00fanica e irrepetible, que nos dejar\u00e1 una huella imborrable en el coraz\u00f3n de todos los que la conocimos y disfrutamos de su m\u00fasica\u201c, reza el comunicado del fanpage oficial de la artista.<\/span><\/p>\n<p><a href=\"https:\/\/elinformanteperu.com\/wp-content\/uploads\/2025\/02\/paquita-la-del-barrio1.jpg\"><img fetchpriority=\"high\" decoding=\"async\" class=\"size-full wp-image-135480 aligncenter\" src=\"https:\/\/elinformanteperu.com\/wp-content\/uploads\/2025\/02\/paquita-la-del-barrio1.jpg\" alt=\"\" width=\"714\" height=\"571\" srcset=\"https:\/\/elinformanteperu.com\/wp-content\/uploads\/2025\/02\/paquita-la-del-barrio1.jpg 714w, https:\/\/elinformanteperu.com\/wp-content\/uploads\/2025\/02\/paquita-la-del-barrio1-300x240.jpg 300w, https:\/\/elinformanteperu.com\/wp-content\/uploads\/2025\/02\/paquita-la-del-barrio1-200x160.jpg 200w\" sizes=\"(max-width: 714px) 100vw, 714px\" \/><\/a><span style=\"color: #000000;\">\u00abEn este momento de gran dolor pedimos de la manera m\u00e1s respetuosa a todos los medios de comunicaci\u00f3n y a la opini\u00f3n p\u00fablica que nos brinden espacio y comprensi\u00f3n para que su familia pueda vivir su duelo en privacidad y paz\u00bb; se\u00f1ala.<\/span><\/p>\n<p><span style=\"color: #000000;\">La familia no detall\u00f3 las causas del deceso de la artista, nacida el 2 de abril de 1947 en el oriental estado de Veracruz y una de las cantantes m\u00e1s emblem\u00e1ticas del g\u00e9nero regional mexicano<\/span><\/p>\n<p><span style=\"color: #000000;\">Conocida por su estilo inconfundible y sus ic\u00f3nicas canciones en defensa de las mujeres, la int\u00e9rprete hizo cantar a m\u00e1s de dos generaciones \u00e9xitos como Rata de dos patas y Cheque en blanco.<\/span><\/p>\n<p><iframe title=\"YouTube video player\" src=\"https:\/\/www.youtube-nocookie.com\/embed\/VuyvT9inAf8?si=RTvH6Vz2tBe_ff-v&amp;controls=0\" width=\"520\" height=\"315\" frameborder=\"0\" allowfullscreen=\"allowfullscreen\"><span data-mce-type=\"bookmark\" style=\"display: inline-block; width: 0px; overflow: hidden; line-height: 0;\" class=\"mce_SELRES_start\">\ufeff<\/span><\/iframe><\/p>\n","protected":false},"excerpt":{"rendered":"<p>Lima, 17 de febrero 2025, (ANDINA).- Paquita la del Barrio falleci\u00f3 a los 77 a\u00f1os, dejando un legado imborrable en la m\u00fasica ranchera y popular. En nuestro pa\u00eds se hizo conocida por su tema \u00abRata de dos patas\u00bb. \u201cCon profundo dolor y tristeza, confirmamos el sensible fallecimiento de nuestra querida \u201cPaquita la del Barrio\u201d, en [&hellip;]<\/p>\n","protected":false},"author":1,"featured_media":135474,"comment_status":"closed","ping_status":"closed","sticky":false,"template":"","format":"standard","meta":{"rop_custom_images_group":[],"rop_custom_messages_group":[],"rop_publish_now":"initial","rop_publish_now_accounts":[],"rop_publish_now_history":[],"rop_publish_now_status":"pending","footnotes":""},"categories":[69],"tags":[8245,8246],"class_list":["post-135473","post","type-post","status-publish","format-standard","has-post-thumbnail","hentry","category-musica","tag-paquita-la-del-barrio","tag-tongolele"],"_links":{"self":[{"href":"https:\/\/elinformanteperu.com\/index.php\/wp-json\/wp\/v2\/posts\/135473","targetHints":{"allow":["GET"]}}],"collection":[{"href":"https:\/\/elinformanteperu.com\/index.php\/wp-json\/wp\/v2\/posts"}],"about":[{"href":"https:\/\/elinformanteperu.com\/index.php\/wp-json\/wp\/v2\/types\/post"}],"author":[{"embeddable":true,"href":"https:\/\/elinformanteperu.com\/index.php\/wp-json\/wp\/v2\/users\/1"}],"replies":[{"embeddable":true,"href":"https:\/\/elinformanteperu.com\/index.php\/wp-json\/wp\/v2\/comments?post=135473"}],"version-history":[{"count":2,"href":"https:\/\/elinformanteperu.com\/index.php\/wp-json\/wp\/v2\/posts\/135473\/revisions"}],"predecessor-version":[{"id":135481,"href":"https:\/\/elinformanteperu.com\/index.php\/wp-json\/wp\/v2\/posts\/135473\/revisions\/135481"}],"wp:featuredmedia":[{"embeddable":true,"href":"https:\/\/elinformanteperu.com\/index.php\/wp-json\/wp\/v2\/media\/135474"}],"wp:attachment":[{"href":"https:\/\/elinformanteperu.com\/index.php\/wp-json\/wp\/v2\/media?parent=135473"}],"wp:term":[{"taxonomy":"category","embeddable":true,"href":"https:\/\/elinformanteperu.com\/index.php\/wp-json\/wp\/v2\/categories?post=135473"},{"taxonomy":"post_tag","embeddable":true,"href":"https:\/\/elinformanteperu.com\/index.php\/wp-json\/wp\/v2\/tags?post=135473"}],"curies":[{"name":"wp","href":"https:\/\/api.w.org\/{rel}","templated":true}]}}