{"id":135470,"date":"2025-02-17T19:23:12","date_gmt":"2025-02-18T00:23:12","guid":{"rendered":"https:\/\/elinformanteperu.com\/?p=135470"},"modified":"2025-02-17T21:54:00","modified_gmt":"2025-02-18T02:54:00","slug":"shakira-confirma-concierto-hoy-lunes-en-el-estadio-nacional-de-lima","status":"publish","type":"post","link":"https:\/\/elinformanteperu.com\/index.php\/2025\/02\/17\/shakira-confirma-concierto-hoy-lunes-en-el-estadio-nacional-de-lima\/","title":{"rendered":"Shakira confirma concierto hoy lunes en el Estadio Nacional de Lima"},"content":{"rendered":"<p><span style=\"color: #000000;\"><strong>Lima, 17 de febrero 2025, (ANDINA).-<\/strong> La artista colombiana Shakira cantar\u00e1 en Lima hoy y las puertas se abrir\u00e1n a las cuatro de la tarde y el show se iniciar\u00e1 a las 8:15 de la noche.<\/span><\/p>\n<p><span style=\"color: #000000;\">As\u00ed que el concierto s\u00ed se realizar\u00e1 en Lima hoy, en el Estadio Nacional. Fueron las redes sociales de la artista que confirmaron el evento e invitaron a los fans a unirse a la fiebre del concierto subiendo reels de los looks, maquillajes y trends en alusi\u00f3n a la estrella latina.<\/span><\/p>\n<p><span style=\"color: #000000;\">Asimismo reconfirmaron los ingresos al concierto, pero no dieron mayores detalles de lo que suceder\u00e1 con los espectadores que compraron entradas para la primera fecha.<\/span><\/p>\n<p><span style=\"color: #000000;\">Mientras tanto, los seguidores de la estrella colombiana est\u00e1n apostados en la cola alrededor del Estadio Nacional para obtener los primeros lugares.<\/span><\/p>\n<p><a href=\"https:\/\/elinformanteperu.com\/wp-content\/uploads\/2025\/02\/shakira-fans.jpg\"><img fetchpriority=\"high\" decoding=\"async\" class=\"size-large wp-image-135285 aligncenter\" src=\"https:\/\/elinformanteperu.com\/wp-content\/uploads\/2025\/02\/shakira-fans-1024x683.jpg\" alt=\"\" width=\"615\" height=\"410\" srcset=\"https:\/\/elinformanteperu.com\/wp-content\/uploads\/2025\/02\/shakira-fans-1024x683.jpg 1024w, https:\/\/elinformanteperu.com\/wp-content\/uploads\/2025\/02\/shakira-fans-300x200.jpg 300w, https:\/\/elinformanteperu.com\/wp-content\/uploads\/2025\/02\/shakira-fans-768x512.jpg 768w, https:\/\/elinformanteperu.com\/wp-content\/uploads\/2025\/02\/shakira-fans-1536x1024.jpg 1536w, https:\/\/elinformanteperu.com\/wp-content\/uploads\/2025\/02\/shakira-fans.jpg 1800w\" sizes=\"(max-width: 615px) 100vw, 615px\" \/><\/a><span style=\"color: #000000;\">Como se sabe, Shakira suspendi\u00f3 su concierto ayer en Lima, tras ser internada en una cl\u00ednica local. La estrella internacional sufri\u00f3 un severo dolor abdominal que la llev\u00f3 a ser trasladada en horas de la noche del viernes para ser atendida.<\/span><\/p>\n<p><span style=\"color: #000000;\">La artista, mediante un comunicado, expres\u00f3 su tristeza al revelar que se hallaba hospitalizada en una cl\u00ednica miraflorina y que seg\u00fan le informaron en su momento los m\u00e9dicos no se encuentra en condiciones de ofrecer un concierto esta noche en el Estadio Nacional.<\/span><\/p>\n<p><strong><span style=\"color: #000000;\">Sus hijos en Lima<\/span><\/strong><\/p>\n<p><span style=\"color: #000000;\">Los peque\u00f1os hijos de Shakira tambi\u00e9n se encuentran en Lima y fueron vistos paseando por el malec\u00f3n de Miraflores y luego ingresando en la cl\u00ednica donde la artista permaneci\u00f3 hasta el domingo.<\/span><\/p>\n<p><span style=\"color: #000000;\">Custodiados por un nutrido grupo de seguridad, su hijo mayor fue visto y fotografiado ayer por la tarde.<\/span><\/p>\n<p><a href=\"https:\/\/elinformanteperu.com\/wp-content\/uploads\/2025\/01\/shakira3.jpg\"><img decoding=\"async\" class=\"size-large wp-image-133560 aligncenter\" src=\"https:\/\/elinformanteperu.com\/wp-content\/uploads\/2025\/01\/shakira3-1024x683.jpg\" alt=\"\" width=\"615\" height=\"410\" srcset=\"https:\/\/elinformanteperu.com\/wp-content\/uploads\/2025\/01\/shakira3-1024x683.jpg 1024w, https:\/\/elinformanteperu.com\/wp-content\/uploads\/2025\/01\/shakira3-300x200.jpg 300w, https:\/\/elinformanteperu.com\/wp-content\/uploads\/2025\/01\/shakira3-768x512.jpg 768w, https:\/\/elinformanteperu.com\/wp-content\/uploads\/2025\/01\/shakira3-1536x1024.jpg 1536w, https:\/\/elinformanteperu.com\/wp-content\/uploads\/2025\/01\/shakira3.jpg 1800w\" sizes=\"(max-width: 615px) 100vw, 615px\" \/><\/a><\/p>\n","protected":false},"excerpt":{"rendered":"<p>Lima, 17 de febrero 2025, (ANDINA).- La artista colombiana Shakira cantar\u00e1 en Lima hoy y las puertas se abrir\u00e1n a las cuatro de la tarde y el show se iniciar\u00e1 a las 8:15 de la noche. As\u00ed que el concierto s\u00ed se realizar\u00e1 en Lima hoy, en el Estadio Nacional. Fueron las redes sociales de [&hellip;]<\/p>\n","protected":false},"author":1,"featured_media":135471,"comment_status":"closed","ping_status":"closed","sticky":false,"template":"","format":"standard","meta":{"rop_custom_images_group":[],"rop_custom_messages_group":[],"rop_publish_now":"initial","rop_publish_now_accounts":[],"rop_publish_now_history":[],"rop_publish_now_status":"pending","footnotes":""},"categories":[69],"tags":[220],"class_list":["post-135470","post","type-post","status-publish","format-standard","has-post-thumbnail","hentry","category-musica","tag-shakira"],"_links":{"self":[{"href":"https:\/\/elinformanteperu.com\/index.php\/wp-json\/wp\/v2\/posts\/135470","targetHints":{"allow":["GET"]}}],"collection":[{"href":"https:\/\/elinformanteperu.com\/index.php\/wp-json\/wp\/v2\/posts"}],"about":[{"href":"https:\/\/elinformanteperu.com\/index.php\/wp-json\/wp\/v2\/types\/post"}],"author":[{"embeddable":true,"href":"https:\/\/elinformanteperu.com\/index.php\/wp-json\/wp\/v2\/users\/1"}],"replies":[{"embeddable":true,"href":"https:\/\/elinformanteperu.com\/index.php\/wp-json\/wp\/v2\/comments?post=135470"}],"version-history":[{"count":1,"href":"https:\/\/elinformanteperu.com\/index.php\/wp-json\/wp\/v2\/posts\/135470\/revisions"}],"predecessor-version":[{"id":135472,"href":"https:\/\/elinformanteperu.com\/index.php\/wp-json\/wp\/v2\/posts\/135470\/revisions\/135472"}],"wp:featuredmedia":[{"embeddable":true,"href":"https:\/\/elinformanteperu.com\/index.php\/wp-json\/wp\/v2\/media\/135471"}],"wp:attachment":[{"href":"https:\/\/elinformanteperu.com\/index.php\/wp-json\/wp\/v2\/media?parent=135470"}],"wp:term":[{"taxonomy":"category","embeddable":true,"href":"https:\/\/elinformanteperu.com\/index.php\/wp-json\/wp\/v2\/categories?post=135470"},{"taxonomy":"post_tag","embeddable":true,"href":"https:\/\/elinformanteperu.com\/index.php\/wp-json\/wp\/v2\/tags?post=135470"}],"curies":[{"name":"wp","href":"https:\/\/api.w.org\/{rel}","templated":true}]}}