{"id":13547,"date":"2017-07-25T01:20:00","date_gmt":"2017-07-25T06:20:00","guid":{"rendered":"http:\/\/elinformanteperu.com\/?p=13547"},"modified":"2017-07-25T01:20:00","modified_gmt":"2017-07-25T06:20:00","slug":"nelson-shack-jura-como-contralor-y-promete-cambios-en-sistema-de-control","status":"publish","type":"post","link":"https:\/\/elinformanteperu.com\/index.php\/2017\/07\/25\/nelson-shack-jura-como-contralor-y-promete-cambios-en-sistema-de-control\/","title":{"rendered":"Nelson Shack jura como contralor y promete cambios en sistema de control"},"content":{"rendered":"<p><strong><span style=\"color: #000000;\">El economista Nelson Shack jur\u00f3 como contralor general de la Rep\u00fablica, cargo que desempe\u00f1ar\u00e1 por los pr\u00f3ximos siete a\u00f1os en este \u00f3rgano de control.<\/span><\/strong><\/p>\n<p><span style=\"color: #000000;\"><strong>Lima, 24 Julio 2017, (ANDINA).-<\/strong> El economista Nelson Shack jur\u00f3 como contralor general de la Rep\u00fablica, cargo que desempe\u00f1ar\u00e1 por los pr\u00f3ximos siete a\u00f1os en este \u00f3rgano de control.<\/span><\/p>\n<p><span style=\"color: #000000;\">El titular del Poder Judicial, Duberl\u00ed Rodr\u00edguez, tom\u00f3 juramento a Nelson Shack, en una ceremonia que se realiz\u00f3 en la sede de Palacio de Justicia.<\/span><\/p>\n<p><span style=\"color: #000000;\">Durante su discurso, Nelson Shack sostuvo que iniciar\u00e1 un proceso que permita modernizar el sistema de control en la Contralor\u00eda General de la Rep\u00fablica.<\/span><\/p>\n<p><span style=\"color: #000000;\">\u00abToca una moralizaci\u00f3n profunda y un proceso de modernizaci\u00f3n estructural es un imperativo que se impone de inmediato (&#8230;)\u00bb, asever\u00f3.<\/span><\/p>\n<p><span style=\"color: #000000;\">Explic\u00f3 que para eso se va a introducir tecnolog\u00edas de informaci\u00f3n para ser m\u00e1s eficaces en la lucha contra la corrupci\u00f3n y la mejora de la calidad de los servicios p\u00fablicos.<\/span><\/p>\n<p><span style=\"color: #000000;\">Shack tambi\u00e9n aclar\u00f3 que no tienen militancia pol\u00edtica alguna y se debe, no a un gobierno, sino al Estado peruano y el propio pueblo.<\/span><\/p>\n","protected":false},"excerpt":{"rendered":"<p>El economista Nelson Shack jur\u00f3 como contralor general de la Rep\u00fablica, cargo que desempe\u00f1ar\u00e1 por los pr\u00f3ximos siete a\u00f1os en este \u00f3rgano de control. Lima, 24 Julio 2017, (ANDINA).- El economista Nelson Shack jur\u00f3 como contralor general de la Rep\u00fablica, cargo que desempe\u00f1ar\u00e1 por los pr\u00f3ximos siete a\u00f1os en este \u00f3rgano de control. El titular [&hellip;]<\/p>\n","protected":false},"author":1,"featured_media":13548,"comment_status":"open","ping_status":"open","sticky":false,"template":"","format":"standard","meta":{"rop_custom_images_group":[],"rop_custom_messages_group":[],"rop_publish_now":"initial","rop_publish_now_accounts":[],"rop_publish_now_history":[],"rop_publish_now_status":"pending","footnotes":""},"categories":[5],"tags":[177,704,1860,163],"class_list":["post-13547","post","type-post","status-publish","format-standard","has-post-thumbnail","hentry","category-actualidad-informativa","tag-contraloria","tag-duberli-rodriguez","tag-nelson-shack","tag-poder-judicial"],"_links":{"self":[{"href":"https:\/\/elinformanteperu.com\/index.php\/wp-json\/wp\/v2\/posts\/13547","targetHints":{"allow":["GET"]}}],"collection":[{"href":"https:\/\/elinformanteperu.com\/index.php\/wp-json\/wp\/v2\/posts"}],"about":[{"href":"https:\/\/elinformanteperu.com\/index.php\/wp-json\/wp\/v2\/types\/post"}],"author":[{"embeddable":true,"href":"https:\/\/elinformanteperu.com\/index.php\/wp-json\/wp\/v2\/users\/1"}],"replies":[{"embeddable":true,"href":"https:\/\/elinformanteperu.com\/index.php\/wp-json\/wp\/v2\/comments?post=13547"}],"version-history":[{"count":1,"href":"https:\/\/elinformanteperu.com\/index.php\/wp-json\/wp\/v2\/posts\/13547\/revisions"}],"predecessor-version":[{"id":13549,"href":"https:\/\/elinformanteperu.com\/index.php\/wp-json\/wp\/v2\/posts\/13547\/revisions\/13549"}],"wp:featuredmedia":[{"embeddable":true,"href":"https:\/\/elinformanteperu.com\/index.php\/wp-json\/wp\/v2\/media\/13548"}],"wp:attachment":[{"href":"https:\/\/elinformanteperu.com\/index.php\/wp-json\/wp\/v2\/media?parent=13547"}],"wp:term":[{"taxonomy":"category","embeddable":true,"href":"https:\/\/elinformanteperu.com\/index.php\/wp-json\/wp\/v2\/categories?post=13547"},{"taxonomy":"post_tag","embeddable":true,"href":"https:\/\/elinformanteperu.com\/index.php\/wp-json\/wp\/v2\/tags?post=13547"}],"curies":[{"name":"wp","href":"https:\/\/api.w.org\/{rel}","templated":true}]}}