{"id":135467,"date":"2025-02-17T07:41:02","date_gmt":"2025-02-17T12:41:02","guid":{"rendered":"https:\/\/elinformanteperu.com\/?p=135467"},"modified":"2025-02-17T07:41:02","modified_gmt":"2025-02-17T12:41:02","slug":"presidenta-del-pj-invoca-a-que-no-se-afecte-la-independencia-de-los-magistrados","status":"publish","type":"post","link":"https:\/\/elinformanteperu.com\/index.php\/2025\/02\/17\/presidenta-del-pj-invoca-a-que-no-se-afecte-la-independencia-de-los-magistrados\/","title":{"rendered":"Presidenta del PJ invoca a que no se afecte la independencia de los magistrados"},"content":{"rendered":"<p><span style=\"color: #000000;\"><strong>Lima, 17 de febrero 2025, (ANDINA).-<\/strong> La presidenta del Poder Judicial, Janet Tello, hizo un llamado a que se respete la independencia de los magistrados y que no se cuestionen sus decisiones mediante el uso de procedimientos que no corresponder\u00edan, ello al referirse a la investigaci\u00f3n de la Junta Nacional de Justicia (JNJ) en su contra.<\/span><\/p>\n<p><span style=\"color: #000000;\">Indic\u00f3 que a\u00fan no ha sido notificada de este proceso y que le sorprende que se le aplique un proceso sumario, ya que este solo se dan en casos de conductas graves, como un acto de corrupci\u00f3n o de flagrancia.<\/span><\/p>\n<p><span style=\"color: #000000;\">El caso corresponde a un recurso de casaci\u00f3n en un proceso laboral, respecto del cual la JNJ sostiene que Tello y otros cuatro jueces supremos resolvieron bas\u00e1ndose en una norma derogada.<\/span><\/p>\n<p><span style=\"color: #000000;\">La titular del Poder Judicial se\u00f1al\u00f3 que la Junta no puede cuestionar esta decisi\u00f3n judicial, debido a que est\u00e1 en proceso una acci\u00f3n de amparo interpuesta contra la resoluci\u00f3n. Asimismo, aclar\u00f3 que el art\u00edculo 388 del C\u00f3digo Procesal Penal, al cual se alude, ha sido modificado pero no derogado.<\/span><\/p>\n<p><span style=\"color: #000000;\">Janet Tello aclar\u00f3 tambi\u00e9n que este caso en materia laboral no ha sido visto directamente por ellos sino que lo que se hizo fue revisar el mencionado recurso y que el caso ya fue visto en dos instancias.<\/span><\/p>\n<p><span style=\"color: #000000;\">\u00abA m\u00ed lo que me corresponde hacer es defender la independencia de los jueces, que va de la mano con los criterios que tienen los jueces al momento de resolver, y que no se utilicen los procedimientos que no corresponden a cuestionar decisiones jurisdiccionales, por que eso s\u00ed importa la afectaci\u00f3n de la independencia judicial\u00bb, indic\u00f3 la titular de la Corte Suprema en entrevista con Punto Final.<\/span><\/p>\n<p><span style=\"color: #000000;\">Agreg\u00f3 que no se niegan a que la JNJ ejercite sus facultades dentro de los marcos constitucionales, lo que implicar\u00eda llevar a cabo, como m\u00ednimo, \u00abuna investigaci\u00f3n preliminar donde va a saltar que el caso est\u00e1 judicializado, y que la Junta no tiene ninguna competencia sobre el caso y va a tener que archivarlo\u00bb.<\/span><\/p>\n<p><span style=\"color: #000000;\">Tello Gilardi dijo no creer que la Junta persista en este proceso, tras los cuestionamientos se\u00f1alados.<\/span><\/p>\n<p><span style=\"color: #000000;\">En otro momento, cuestion\u00f3 las leyes en materia penal y procesal penal aprobadas por el Parlamento. \u201cEl Congreso tiene que darse cuenta de que estas normas favorecen a los hechos de corrupci\u00f3n y que los procesos se alarguen\u201d, asever\u00f3.<\/span><\/p>\n<p><span style=\"color: #000000;\">De otro lado, consultada por el avance del proceso contra el expresidente Pedro Castillo, la presidenta del PJ record\u00f3 que el juicio oral empieza la primera semana de marzo y tendr\u00e1 audiencias los d\u00edas martes, jueves y viernes.<\/span><\/p>\n<p><span style=\"color: #000000;\">Indic\u00f3 que tambi\u00e9n se est\u00e1n analizando los cronogramas en el juicio oral contra el expresidente Ollanta Humala, que se encuentra en su etapa final de juzgamiento.<\/span><\/p>\n<p><span style=\"color: #000000;\">Sobre el caso de la agrupaci\u00f3n A.N.T.A.U.R.O., indic\u00f3 que el recurso de casaci\u00f3n presentado recientemente por su representante legal se resolver\u00e1 en alrededor de 10 d\u00edas h\u00e1biles. \u00abEst\u00e1n interponiendo los recursos impugnatorios que el representante (del partido) ha interpuesto ante la Sala civil de la Corte Suprema\u00bb, precis\u00f3.<\/span><\/p>\n","protected":false},"excerpt":{"rendered":"<p>Lima, 17 de febrero 2025, (ANDINA).- La presidenta del Poder Judicial, Janet Tello, hizo un llamado a que se respete la independencia de los magistrados y que no se cuestionen sus decisiones mediante el uso de procedimientos que no corresponder\u00edan, ello al referirse a la investigaci\u00f3n de la Junta Nacional de Justicia (JNJ) en su [&hellip;]<\/p>\n","protected":false},"author":1,"featured_media":135468,"comment_status":"closed","ping_status":"closed","sticky":false,"template":"","format":"standard","meta":{"rop_custom_images_group":[],"rop_custom_messages_group":[],"rop_publish_now":"initial","rop_publish_now_accounts":[],"rop_publish_now_history":[],"rop_publish_now_status":"pending","footnotes":""},"categories":[5],"tags":[8076,163],"class_list":["post-135467","post","type-post","status-publish","format-standard","has-post-thumbnail","hentry","category-actualidad-informativa","tag-janet-tello","tag-poder-judicial"],"_links":{"self":[{"href":"https:\/\/elinformanteperu.com\/index.php\/wp-json\/wp\/v2\/posts\/135467","targetHints":{"allow":["GET"]}}],"collection":[{"href":"https:\/\/elinformanteperu.com\/index.php\/wp-json\/wp\/v2\/posts"}],"about":[{"href":"https:\/\/elinformanteperu.com\/index.php\/wp-json\/wp\/v2\/types\/post"}],"author":[{"embeddable":true,"href":"https:\/\/elinformanteperu.com\/index.php\/wp-json\/wp\/v2\/users\/1"}],"replies":[{"embeddable":true,"href":"https:\/\/elinformanteperu.com\/index.php\/wp-json\/wp\/v2\/comments?post=135467"}],"version-history":[{"count":1,"href":"https:\/\/elinformanteperu.com\/index.php\/wp-json\/wp\/v2\/posts\/135467\/revisions"}],"predecessor-version":[{"id":135469,"href":"https:\/\/elinformanteperu.com\/index.php\/wp-json\/wp\/v2\/posts\/135467\/revisions\/135469"}],"wp:featuredmedia":[{"embeddable":true,"href":"https:\/\/elinformanteperu.com\/index.php\/wp-json\/wp\/v2\/media\/135468"}],"wp:attachment":[{"href":"https:\/\/elinformanteperu.com\/index.php\/wp-json\/wp\/v2\/media?parent=135467"}],"wp:term":[{"taxonomy":"category","embeddable":true,"href":"https:\/\/elinformanteperu.com\/index.php\/wp-json\/wp\/v2\/categories?post=135467"},{"taxonomy":"post_tag","embeddable":true,"href":"https:\/\/elinformanteperu.com\/index.php\/wp-json\/wp\/v2\/tags?post=135467"}],"curies":[{"name":"wp","href":"https:\/\/api.w.org\/{rel}","templated":true}]}}