{"id":13545,"date":"2017-07-25T01:14:19","date_gmt":"2017-07-25T06:14:19","guid":{"rendered":"http:\/\/elinformanteperu.com\/?p=13545"},"modified":"2017-07-25T01:14:19","modified_gmt":"2017-07-25T06:14:19","slug":"galarreta-apra-dice-que-su-experiencia-sera-fundamental","status":"publish","type":"post","link":"https:\/\/elinformanteperu.com\/index.php\/2017\/07\/25\/galarreta-apra-dice-que-su-experiencia-sera-fundamental\/","title":{"rendered":"Galarreta: Apra dice que su experiencia ser\u00e1 fundamental"},"content":{"rendered":"<p><strong><span style=\"color: #000000;\">El congresista del Apra, Mauricio Mulder, afirm\u00f3 que la experiencia del candidato por Fuerza Popular, Luis Galarreta, ser\u00e1 fundamental en el manejo del Parlamento.<\/span><\/strong><\/p>\n<p><span style=\"color: #000000;\"><strong>Lima, 24 Julio 2017, (ANDINA).-<\/strong> El congresista del Apra, Mauricio Mulder, afirm\u00f3 que la experiencia del candidato por Fuerza Popular, Luis Galarreta, ser\u00e1 fundamental en el manejo del Parlamento Nacional durante el pr\u00f3ximo periodo de sesiones.<\/span><\/p>\n<p><span style=\"color: #000000;\">En ese sentido, salud\u00f3 la elecci\u00f3n tomada por esta agrupaci\u00f3n, teniendo en cuenta que los periodos para presentaci\u00f3n y proceso electoral est\u00e1n muy cerca \u201cy estando al filo de los plazos\u201d.<\/span><\/p>\n<p><span style=\"color: #000000;\">\u201cSaludamos que se trate de congresistas con experiencia como fue Luz Salgado o como en su momento se habl\u00f3 de (Cecilia) Chac\u00f3n, por esta raz\u00f3n, para presidir el Congreso se necesita una capacidad y experiencia fundamental\u201d, manifest\u00f3.<\/span><\/p>\n<p><span style=\"color: #000000;\">Dijo que esta experiencia ser\u00e1 importante ante una composici\u00f3n num\u00e9rica diferente a otros Legislativos, donde un grupo tiene una mayor\u00eda (Fuerza Popular), aunque sin haber logrado llegar al Gobierno.<\/span><\/p>\n<p><span style=\"color: #000000;\">\u201cEnviamos nuestro saludo y le deseamos los parabienes a Galarreta por esta elecci\u00f3n partidaria, viendo adem\u00e1s su trabajo en anteriores legislativos\u201d, refiri\u00f3.<\/span><\/p>\n<p><span style=\"color: #000000;\">Seg\u00fan la convocatoria a elecciones del Congreso, ma\u00f1ana a las 10:00 horas vence el plazo para la inscripci\u00f3n de las candidaturas a la Mesa Directiva, mientras que a la misma hora, pero el mi\u00e9rcoles 26 de julio se desarrollar\u00e1 el proceso electoral.<\/span><\/p>\n","protected":false},"excerpt":{"rendered":"<p>El congresista del Apra, Mauricio Mulder, afirm\u00f3 que la experiencia del candidato por Fuerza Popular, Luis Galarreta, ser\u00e1 fundamental en el manejo del Parlamento. Lima, 24 Julio 2017, (ANDINA).- El congresista del Apra, Mauricio Mulder, afirm\u00f3 que la experiencia del candidato por Fuerza Popular, Luis Galarreta, ser\u00e1 fundamental en el manejo del Parlamento Nacional durante [&hellip;]<\/p>\n","protected":false},"author":1,"featured_media":3581,"comment_status":"open","ping_status":"open","sticky":false,"template":"","format":"standard","meta":{"rop_custom_images_group":[],"rop_custom_messages_group":[],"rop_publish_now":"initial","rop_publish_now_accounts":[],"rop_publish_now_history":[],"rop_publish_now_status":"pending","footnotes":""},"categories":[5],"tags":[555,192,295,382,383],"class_list":["post-13545","post","type-post","status-publish","format-standard","has-post-thumbnail","hentry","category-actualidad-informativa","tag-apra","tag-congreso","tag-fuerza-popular","tag-luis-galarreta","tag-mauricio-mulder"],"_links":{"self":[{"href":"https:\/\/elinformanteperu.com\/index.php\/wp-json\/wp\/v2\/posts\/13545","targetHints":{"allow":["GET"]}}],"collection":[{"href":"https:\/\/elinformanteperu.com\/index.php\/wp-json\/wp\/v2\/posts"}],"about":[{"href":"https:\/\/elinformanteperu.com\/index.php\/wp-json\/wp\/v2\/types\/post"}],"author":[{"embeddable":true,"href":"https:\/\/elinformanteperu.com\/index.php\/wp-json\/wp\/v2\/users\/1"}],"replies":[{"embeddable":true,"href":"https:\/\/elinformanteperu.com\/index.php\/wp-json\/wp\/v2\/comments?post=13545"}],"version-history":[{"count":1,"href":"https:\/\/elinformanteperu.com\/index.php\/wp-json\/wp\/v2\/posts\/13545\/revisions"}],"predecessor-version":[{"id":13546,"href":"https:\/\/elinformanteperu.com\/index.php\/wp-json\/wp\/v2\/posts\/13545\/revisions\/13546"}],"wp:featuredmedia":[{"embeddable":true,"href":"https:\/\/elinformanteperu.com\/index.php\/wp-json\/wp\/v2\/media\/3581"}],"wp:attachment":[{"href":"https:\/\/elinformanteperu.com\/index.php\/wp-json\/wp\/v2\/media?parent=13545"}],"wp:term":[{"taxonomy":"category","embeddable":true,"href":"https:\/\/elinformanteperu.com\/index.php\/wp-json\/wp\/v2\/categories?post=13545"},{"taxonomy":"post_tag","embeddable":true,"href":"https:\/\/elinformanteperu.com\/index.php\/wp-json\/wp\/v2\/tags?post=13545"}],"curies":[{"name":"wp","href":"https:\/\/api.w.org\/{rel}","templated":true}]}}