{"id":13542,"date":"2017-07-25T01:10:36","date_gmt":"2017-07-25T06:10:36","guid":{"rendered":"http:\/\/elinformanteperu.com\/?p=13542"},"modified":"2017-07-25T01:10:36","modified_gmt":"2017-07-25T06:10:36","slug":"proponen-a-rolando-reategui-como-presidente-de-fiscalizacion","status":"publish","type":"post","link":"https:\/\/elinformanteperu.com\/index.php\/2017\/07\/25\/proponen-a-rolando-reategui-como-presidente-de-fiscalizacion\/","title":{"rendered":"Proponen a Rolando Re\u00e1tegui como presidente de Fiscalizaci\u00f3n"},"content":{"rendered":"<p><strong><span style=\"color: #000000;\">El legislador Rolando Re\u00e1tegui fue propuesto por la bancada de Fuerza Popular para presidir la Comisi\u00f3n de Fiscalizaci\u00f3n y Contralor\u00eda del Congreso.<\/span><\/strong><\/p>\n<p><span style=\"color: #000000;\"><strong>Lima, 24 Julio 2017, (ANDINA).-<\/strong> El legislador Rolando Re\u00e1tegui fue propuesto por la bancada de Fuerza Popular para presidir la Comisi\u00f3n de Fiscalizaci\u00f3n y Contralor\u00eda del Congreso, anunci\u00f3 el vocero de esta agrupaci\u00f3n parlamentaria, Daniel Salaverry.<\/span><\/p>\n<p><span style=\"color: #000000;\">Adem\u00e1s, la bancada eligi\u00f3 a los congresistas Gisela Andrade, C\u00e9sar Segura, \u00darsula Letona y Mar\u00eda Melgarejo como candidatos a las presidencias de las comisiones Agraria; Ciencia, Innovaci\u00f3n y Tecnolog\u00eda; Constituci\u00f3n; y Cultura y Patrimonio Cultural, respectivamente.<\/span><\/p>\n<p><span style=\"color: #000000;\">Asimismo, seg\u00fan el acuerdo, Miguel Castro postular\u00e1 a la presidencia a la Comisi\u00f3n de Defensa Del Consumidor y Organismos Reguladores de los Servicios P\u00fablicos; mientras que el congresista Gilmer Trujillo har\u00e1 lo propio en la comisi\u00f3n de Descentralizaci\u00f3n, Regionalizaci\u00f3n, Gobiernos Locales y Modernizaci\u00f3n de la Gesti\u00f3n del Estado.<\/span><\/p>\n<p><span style=\"color: #000000;\">Igualmente, Roy Ventura ser\u00e1 el candidato para presidir la Comisi\u00f3n de Transportes y Comunicaciones; Paloma Noceda a Educaci\u00f3n, Juventud y Deporte; y Octavio Salazar a Inteligencia.<\/span><\/p>\n<p><span style=\"color: #000000;\">Por \u00faltimo, Karina Beteta postular\u00e1 a la Comisi\u00f3n de Presupuesto y Cuenta General de Rep\u00fablica; Freddy Sarmiento la de Producci\u00f3n, Micro y Peque\u00f1a Empresa y Cooperativas; y Luz Salgado, Relaciones Exteriores. <\/span><br \/>\n<span style=\"color: #000000;\">Tras concluir la reuni\u00f3n de Fuerza Popular, Salaverry explic\u00f3 que todos los legisladores fueron elegidos en una votaci\u00f3n transparente.<\/span><\/p>\n<p><span style=\"color: #000000;\">En la reuni\u00f3n realizada en el Centro de Lima, se eligi\u00f3 a Luis Galarreta y Mario Mantilla como candidatos a la presidencia y vicepresidencia del Congreso, as\u00ed como los voceros de la bancada.<\/span><\/p>\n","protected":false},"excerpt":{"rendered":"<p>El legislador Rolando Re\u00e1tegui fue propuesto por la bancada de Fuerza Popular para presidir la Comisi\u00f3n de Fiscalizaci\u00f3n y Contralor\u00eda del Congreso. Lima, 24 Julio 2017, (ANDINA).- El legislador Rolando Re\u00e1tegui fue propuesto por la bancada de Fuerza Popular para presidir la Comisi\u00f3n de Fiscalizaci\u00f3n y Contralor\u00eda del Congreso, anunci\u00f3 el vocero de esta agrupaci\u00f3n [&hellip;]<\/p>\n","protected":false},"author":1,"featured_media":13543,"comment_status":"open","ping_status":"open","sticky":false,"template":"","format":"standard","meta":{"rop_custom_images_group":[],"rop_custom_messages_group":[],"rop_publish_now":"initial","rop_publish_now_accounts":[],"rop_publish_now_history":[],"rop_publish_now_status":"pending","footnotes":""},"categories":[5],"tags":[192,295,1941],"class_list":["post-13542","post","type-post","status-publish","format-standard","has-post-thumbnail","hentry","category-actualidad-informativa","tag-congreso","tag-fuerza-popular","tag-rolando-reategui"],"_links":{"self":[{"href":"https:\/\/elinformanteperu.com\/index.php\/wp-json\/wp\/v2\/posts\/13542","targetHints":{"allow":["GET"]}}],"collection":[{"href":"https:\/\/elinformanteperu.com\/index.php\/wp-json\/wp\/v2\/posts"}],"about":[{"href":"https:\/\/elinformanteperu.com\/index.php\/wp-json\/wp\/v2\/types\/post"}],"author":[{"embeddable":true,"href":"https:\/\/elinformanteperu.com\/index.php\/wp-json\/wp\/v2\/users\/1"}],"replies":[{"embeddable":true,"href":"https:\/\/elinformanteperu.com\/index.php\/wp-json\/wp\/v2\/comments?post=13542"}],"version-history":[{"count":1,"href":"https:\/\/elinformanteperu.com\/index.php\/wp-json\/wp\/v2\/posts\/13542\/revisions"}],"predecessor-version":[{"id":13544,"href":"https:\/\/elinformanteperu.com\/index.php\/wp-json\/wp\/v2\/posts\/13542\/revisions\/13544"}],"wp:featuredmedia":[{"embeddable":true,"href":"https:\/\/elinformanteperu.com\/index.php\/wp-json\/wp\/v2\/media\/13543"}],"wp:attachment":[{"href":"https:\/\/elinformanteperu.com\/index.php\/wp-json\/wp\/v2\/media?parent=13542"}],"wp:term":[{"taxonomy":"category","embeddable":true,"href":"https:\/\/elinformanteperu.com\/index.php\/wp-json\/wp\/v2\/categories?post=13542"},{"taxonomy":"post_tag","embeddable":true,"href":"https:\/\/elinformanteperu.com\/index.php\/wp-json\/wp\/v2\/tags?post=13542"}],"curies":[{"name":"wp","href":"https:\/\/api.w.org\/{rel}","templated":true}]}}