{"id":135390,"date":"2025-02-16T03:55:30","date_gmt":"2025-02-16T08:55:30","guid":{"rendered":"https:\/\/elinformanteperu.com\/?p=135390"},"modified":"2025-02-16T03:55:30","modified_gmt":"2025-02-16T08:55:30","slug":"adrianzen-no-hay-razon-para-pensar-que-fenomeno-de-el-nino-se-va-a-presentar","status":"publish","type":"post","link":"https:\/\/elinformanteperu.com\/index.php\/2025\/02\/16\/adrianzen-no-hay-razon-para-pensar-que-fenomeno-de-el-nino-se-va-a-presentar\/","title":{"rendered":"Adrianz\u00e9n: no hay raz\u00f3n para pensar que Fen\u00f3meno de El Ni\u00f1o se va a presentar"},"content":{"rendered":"<p><strong><span style=\"color: #000000;\">\u00abLluvias intensas obedecen a una temporalidad climatol\u00f3gica\u00bb, afirm\u00f3<\/span><\/strong><\/p>\n<p><span style=\"color: #000000;\"><strong>Lima, 15 de febrero 2025, (ANDINA).-<\/strong> El titular del Consejo de Ministros, Gustavo Adrianz\u00e9n, descart\u00f3 la presencia de el Fen\u00f3meno de El Ni\u00f1o en las costas del Per\u00fa y dijo que las lluvias intensas obedecen a una temporalidad climatol\u00f3gica.<\/span><\/p>\n<p><span style=\"color: #000000;\">\u00abEstas lluvias intensas obedecen a la temporalidad climatol\u00f3gica, no tenemos y as\u00ed lo han informado el Servicio Nacional de Meteorolog\u00eda e Hidrolog\u00eda del Per\u00fa (Senamhi) y otros organismos especializados, no hay raz\u00f3n alguna para pensar que el Fen\u00f3meno de El Ni\u00f1o se va a presentar\u00bb, dijo en TV Per\u00fa.<\/span><\/p>\n<p><span style=\"color: #000000;\">El jefe del Gabinete Ministerial afirm\u00f3 que los r\u00edos del pa\u00eds est\u00e1n dentro de sus niveles normales, pero que ante la temporada de lluvias que intensifican las precipitaciones, esto provoca la crecida de los caudales.<\/span><\/p>\n<p><span style=\"color: #000000;\">\u00abEstamos trabajando hace m\u00e1s tres meses en tareas de descolmataci\u00f3n de r\u00edos, a trav\u00e9s de la Autoridad Nacional del Agua, y se hizo la descolmataci\u00f3n desde Ca\u00f1ete en Lima hasta Zarumilla en Tumbes, lo que ha permitido que nuestros r\u00edos que han crecido, se mantienen dentro de sus cauces\u00bb, asegur\u00f3.<\/span><\/p>\n<p><span style=\"color: #000000;\">En ese sentido, resalt\u00f3 el despliegue del Ejecutivo hacia la sierra sur, donde se esperan intensas lluvias hasta mediados de marzo.<\/span><\/p>\n<p><span style=\"color: #000000;\">Asimismo, destac\u00f3 un proyecto para dotar a las provincias de maquinaria local, priorizando las m\u00e1s afectadas por las lluvias intensas.<\/span><\/p>\n<p><strong><span style=\"color: #000000;\">Legado<\/span><\/strong><\/p>\n<p><span style=\"color: #000000;\">En otro momento, explic\u00f3 que la extinci\u00f3n del Proyecto Legado responde al desarrollo de una pol\u00edtica de modernizaci\u00f3n del Estado y que esto no afectar\u00e1 la realizaci\u00f3n de los Juegos Panamericanos Lima 2027.<\/span><\/p>\n<p><span style=\"color: #000000;\">\u00abPara Lima 2027 tenemos la tarea bastante avanzada y vamos a llegar con pocas obras que realizar, hay tres torres m\u00e1s por construir y hay deportes nuevos que requieren infraestructura\u00bb, dijo.<\/span><\/p>\n<p><span style=\"color: #000000;\">Asimismo, sostuvo que desde el Instituto Peruano del Deporte (IPD) se deber\u00e1n desarrollar todas las capacidades para continuar con las labores de mantenimiento de las sedes deportivas.<\/span><\/p>\n<p><a href=\"https:\/\/elinformanteperu.com\/wp-content\/uploads\/2025\/02\/estadios-legado.jpeg\"><img fetchpriority=\"high\" decoding=\"async\" class=\"size-full wp-image-135212 aligncenter\" src=\"https:\/\/elinformanteperu.com\/wp-content\/uploads\/2025\/02\/estadios-legado.jpeg\" alt=\"\" width=\"700\" height=\"395\" srcset=\"https:\/\/elinformanteperu.com\/wp-content\/uploads\/2025\/02\/estadios-legado.jpeg 700w, https:\/\/elinformanteperu.com\/wp-content\/uploads\/2025\/02\/estadios-legado-300x169.jpeg 300w, https:\/\/elinformanteperu.com\/wp-content\/uploads\/2025\/02\/estadios-legado-620x350.jpeg 620w\" sizes=\"(max-width: 700px) 100vw, 700px\" \/><\/a><\/p>\n","protected":false},"excerpt":{"rendered":"<p>\u00abLluvias intensas obedecen a una temporalidad climatol\u00f3gica\u00bb, afirm\u00f3 Lima, 15 de febrero 2025, (ANDINA).- El titular del Consejo de Ministros, Gustavo Adrianz\u00e9n, descart\u00f3 la presencia de el Fen\u00f3meno de El Ni\u00f1o en las costas del Per\u00fa y dijo que las lluvias intensas obedecen a una temporalidad climatol\u00f3gica. \u00abEstas lluvias intensas obedecen a la temporalidad climatol\u00f3gica, [&hellip;]<\/p>\n","protected":false},"author":1,"featured_media":135391,"comment_status":"closed","ping_status":"closed","sticky":false,"template":"","format":"standard","meta":{"rop_custom_images_group":[],"rop_custom_messages_group":[],"rop_publish_now":"initial","rop_publish_now_accounts":[],"rop_publish_now_history":[],"rop_publish_now_status":"pending","footnotes":""},"categories":[5],"tags":[7382,6495,189,2317],"class_list":["post-135390","post","type-post","status-publish","format-standard","has-post-thumbnail","hentry","category-actualidad-informativa","tag-gustavo-adrianzen","tag-legado","tag-pcm","tag-presidencia-del-consejo-de-ministros"],"_links":{"self":[{"href":"https:\/\/elinformanteperu.com\/index.php\/wp-json\/wp\/v2\/posts\/135390","targetHints":{"allow":["GET"]}}],"collection":[{"href":"https:\/\/elinformanteperu.com\/index.php\/wp-json\/wp\/v2\/posts"}],"about":[{"href":"https:\/\/elinformanteperu.com\/index.php\/wp-json\/wp\/v2\/types\/post"}],"author":[{"embeddable":true,"href":"https:\/\/elinformanteperu.com\/index.php\/wp-json\/wp\/v2\/users\/1"}],"replies":[{"embeddable":true,"href":"https:\/\/elinformanteperu.com\/index.php\/wp-json\/wp\/v2\/comments?post=135390"}],"version-history":[{"count":1,"href":"https:\/\/elinformanteperu.com\/index.php\/wp-json\/wp\/v2\/posts\/135390\/revisions"}],"predecessor-version":[{"id":135392,"href":"https:\/\/elinformanteperu.com\/index.php\/wp-json\/wp\/v2\/posts\/135390\/revisions\/135392"}],"wp:featuredmedia":[{"embeddable":true,"href":"https:\/\/elinformanteperu.com\/index.php\/wp-json\/wp\/v2\/media\/135391"}],"wp:attachment":[{"href":"https:\/\/elinformanteperu.com\/index.php\/wp-json\/wp\/v2\/media?parent=135390"}],"wp:term":[{"taxonomy":"category","embeddable":true,"href":"https:\/\/elinformanteperu.com\/index.php\/wp-json\/wp\/v2\/categories?post=135390"},{"taxonomy":"post_tag","embeddable":true,"href":"https:\/\/elinformanteperu.com\/index.php\/wp-json\/wp\/v2\/tags?post=135390"}],"curies":[{"name":"wp","href":"https:\/\/api.w.org\/{rel}","templated":true}]}}