{"id":13538,"date":"2017-07-25T00:59:30","date_gmt":"2017-07-25T05:59:30","guid":{"rendered":"http:\/\/elinformanteperu.com\/?p=13538"},"modified":"2017-07-25T00:59:30","modified_gmt":"2017-07-25T05:59:30","slug":"presidente-detras-de-huelga-de-maestros-en-cusco-existe-motivacion-politica","status":"publish","type":"post","link":"https:\/\/elinformanteperu.com\/index.php\/2017\/07\/25\/presidente-detras-de-huelga-de-maestros-en-cusco-existe-motivacion-politica\/","title":{"rendered":"Presidente: Detr\u00e1s de huelga de maestros en Cusco existe motivaci\u00f3n pol\u00edtica"},"content":{"rendered":"<p><strong><span style=\"color: #000000;\">El presidente Pedro Pablo Kuczynski afirm\u00f3 que detr\u00e1s de la huelga de maestros en el Cusco existe una motivaci\u00f3n pol\u00edtica m\u00e1s que pedag\u00f3gica debido a la resistencia de este sector a dialogar.<\/span><\/strong><\/p>\n<p><span style=\"color: #000000;\"><strong>Lima, 24 Julio 2017, (ANDINA).-<\/strong> El presidente Pedro Pablo Kuczynski afirm\u00f3 que detr\u00e1s de la huelga de maestros en el Cusco existe una motivaci\u00f3n pol\u00edtica m\u00e1s que pedag\u00f3gica debido a la resistencia de este sector a dialogar.<\/span><\/p>\n<p><span style=\"color: #000000;\">Tras participar en la firma de convenio marco con los gobiernos regionales de Jun\u00edn y Hu\u00e1nuco para implementar el modelo de servicio educativo de excelencia para instituciones de educaci\u00f3n superior tecnol\u00f3gica, el jefe del Estado sostuvo que el Gobierno ofreci\u00f3 una alternativa de soluci\u00f3n a la medida de protesta, pero no fue escuchada por el sindicato de profesores.<\/span><\/p>\n<p><span style=\"color: #000000;\">\u201cLo que pasa es que hay un poco de mala fe del otro lado\u201d, se\u00f1al\u00f3.<\/span><\/p>\n<p><span style=\"color: #000000;\">Coment\u00f3 que el Ministerio de Educaci\u00f3n ofreci\u00f3 a los maestros en huelga un sueldo b\u00e1sico de 2000 soles, pero ellos insisten en un incremento de 4000 soles.<\/span><\/p>\n<p><span style=\"color: #000000;\">\u201cEntonces no hay forma de conversar, aqu\u00ed hay una motivaci\u00f3n pol\u00edtica m\u00e1s que pedag\u00f3gica\u201d, expres\u00f3.<\/span><\/p>\n<p><span style=\"color: #000000;\">El jefe del Estado resalt\u00f3 el buen trabajo realizado en Educaci\u00f3n por su Gobierno y destac\u00f3 que el Per\u00fa ha subido puestos en la prueba PISA (siglas en ingl\u00e9s del Programa de Evaluaci\u00f3n Internacional de Alumnos).<\/span><\/p>\n<p><span style=\"color: #000000;\">La ceremonia de suscripci\u00f3n del convenio se realiz\u00f3 en Palacio de Gobierno y, adem\u00e1s del jefe del Estado, cont\u00f3 con la presencia de la ministra de Educaci\u00f3n, Maril\u00fa Martens; y del presidente de la Asamblea Nacional de Gobiernos Regionales (ANGR), Luis Vald\u00e9s.<\/span><\/p>\n<p>&nbsp;<\/p>\n","protected":false},"excerpt":{"rendered":"<p>El presidente Pedro Pablo Kuczynski afirm\u00f3 que detr\u00e1s de la huelga de maestros en el Cusco existe una motivaci\u00f3n pol\u00edtica m\u00e1s que pedag\u00f3gica debido a la resistencia de este sector a dialogar. Lima, 24 Julio 2017, (ANDINA).- El presidente Pedro Pablo Kuczynski afirm\u00f3 que detr\u00e1s de la huelga de maestros en el Cusco existe una [&hellip;]<\/p>\n","protected":false},"author":1,"featured_media":1210,"comment_status":"open","ping_status":"open","sticky":false,"template":"","format":"standard","meta":{"rop_custom_images_group":[],"rop_custom_messages_group":[],"rop_publish_now":"initial","rop_publish_now_accounts":[],"rop_publish_now_history":[],"rop_publish_now_status":"pending","footnotes":""},"categories":[5],"tags":[74],"class_list":["post-13538","post","type-post","status-publish","format-standard","has-post-thumbnail","hentry","category-actualidad-informativa","tag-pedro-pablo-kuczynski"],"_links":{"self":[{"href":"https:\/\/elinformanteperu.com\/index.php\/wp-json\/wp\/v2\/posts\/13538","targetHints":{"allow":["GET"]}}],"collection":[{"href":"https:\/\/elinformanteperu.com\/index.php\/wp-json\/wp\/v2\/posts"}],"about":[{"href":"https:\/\/elinformanteperu.com\/index.php\/wp-json\/wp\/v2\/types\/post"}],"author":[{"embeddable":true,"href":"https:\/\/elinformanteperu.com\/index.php\/wp-json\/wp\/v2\/users\/1"}],"replies":[{"embeddable":true,"href":"https:\/\/elinformanteperu.com\/index.php\/wp-json\/wp\/v2\/comments?post=13538"}],"version-history":[{"count":1,"href":"https:\/\/elinformanteperu.com\/index.php\/wp-json\/wp\/v2\/posts\/13538\/revisions"}],"predecessor-version":[{"id":13539,"href":"https:\/\/elinformanteperu.com\/index.php\/wp-json\/wp\/v2\/posts\/13538\/revisions\/13539"}],"wp:featuredmedia":[{"embeddable":true,"href":"https:\/\/elinformanteperu.com\/index.php\/wp-json\/wp\/v2\/media\/1210"}],"wp:attachment":[{"href":"https:\/\/elinformanteperu.com\/index.php\/wp-json\/wp\/v2\/media?parent=13538"}],"wp:term":[{"taxonomy":"category","embeddable":true,"href":"https:\/\/elinformanteperu.com\/index.php\/wp-json\/wp\/v2\/categories?post=13538"},{"taxonomy":"post_tag","embeddable":true,"href":"https:\/\/elinformanteperu.com\/index.php\/wp-json\/wp\/v2\/tags?post=13538"}],"curies":[{"name":"wp","href":"https:\/\/api.w.org\/{rel}","templated":true}]}}