{"id":13530,"date":"2017-07-25T00:31:40","date_gmt":"2017-07-25T05:31:40","guid":{"rendered":"http:\/\/elinformanteperu.com\/?p=13530"},"modified":"2017-07-25T00:31:40","modified_gmt":"2017-07-25T05:31:40","slug":"werder-bremen-vuelve-a-descartar-a-claudio-pizarro","status":"publish","type":"post","link":"https:\/\/elinformanteperu.com\/index.php\/2017\/07\/25\/werder-bremen-vuelve-a-descartar-a-claudio-pizarro\/","title":{"rendered":"Werder Bremen vuelve a descartar a Claudio Pizarro"},"content":{"rendered":"<p><strong><span style=\"color: #000000;\">El Werder Bremen de Alemania volvi\u00f3 a descartar una negociaci\u00f3n con el peruano Claudio Pizarro a pesar que hasta el momento no pueden fichar a un delantero.<\/span><\/strong><\/p>\n<p><span style=\"color: #000000;\"><strong>Bremen, 24 Julio 2017, (ANDINA).<\/strong>&#8211; El Werder Bremen de Alemania volvi\u00f3 a descartar una negociaci\u00f3n con el peruano Claudio Pizarro a pesar que hasta el momento no pueden fichar a un delantero por falta de liquidez. <\/span><\/p>\n<p><span style=\"color: #000000;\">La poca suerte para contratar de un goleador de nivel en el Bremen hizo que se rumoreara de que el Bremen volver\u00eda a buscar a Claudio Pizarro, sin embargo, esa opci\u00f3n qued\u00f3 sin fundamentos luego que el director, Frank Baumann, neg\u00f3 cualquier acercamiento con el Bombardero de los Andes.<\/span><\/p>\n<p><span style=\"color: #000000;\">\u00abNosotros buscamos un centro delantero que nos ayude y sea asequible. Sobre el tema [Claudio Pizarro] todo est\u00e1 dicho\u00bb, remarc\u00f3 Frank Baumann, director deportivo del Breman en declaraciones a \u00abBild Sport\u00bb.<\/span><\/p>\n<p><span style=\"color: #000000;\">Seg\u00fan la versi\u00f3n del medio alem\u00e1n, la raz\u00f3n obedece a que impedir\u00eda el crecimiento de los j\u00f3venes.<\/span><\/p>\n<p><img fetchpriority=\"high\" decoding=\"async\" class=\"aligncenter size-full wp-image-3483\" src=\"http:\/\/elinformanteperu.com\/wp-content\/uploads\/2016\/12\/pizarro-werder.jpg\" alt=\"\" width=\"1800\" height=\"1236\" srcset=\"https:\/\/elinformanteperu.com\/wp-content\/uploads\/2016\/12\/pizarro-werder.jpg 1800w, https:\/\/elinformanteperu.com\/wp-content\/uploads\/2016\/12\/pizarro-werder-300x206.jpg 300w, https:\/\/elinformanteperu.com\/wp-content\/uploads\/2016\/12\/pizarro-werder-768x527.jpg 768w, https:\/\/elinformanteperu.com\/wp-content\/uploads\/2016\/12\/pizarro-werder-1024x703.jpg 1024w, https:\/\/elinformanteperu.com\/wp-content\/uploads\/2016\/12\/pizarro-werder-128x88.jpg 128w, https:\/\/elinformanteperu.com\/wp-content\/uploads\/2016\/12\/pizarro-werder-32x22.jpg 32w\" sizes=\"(max-width: 1800px) 100vw, 1800px\" \/><\/p>\n","protected":false},"excerpt":{"rendered":"<p>El Werder Bremen de Alemania volvi\u00f3 a descartar una negociaci\u00f3n con el peruano Claudio Pizarro a pesar que hasta el momento no pueden fichar a un delantero. Bremen, 24 Julio 2017, (ANDINA).&#8211; El Werder Bremen de Alemania volvi\u00f3 a descartar una negociaci\u00f3n con el peruano Claudio Pizarro a pesar que hasta el momento no pueden [&hellip;]<\/p>\n","protected":false},"author":1,"featured_media":6138,"comment_status":"open","ping_status":"open","sticky":false,"template":"","format":"standard","meta":{"rop_custom_images_group":[],"rop_custom_messages_group":[],"rop_publish_now":"initial","rop_publish_now_accounts":[],"rop_publish_now_history":[],"rop_publish_now_status":"pending","footnotes":""},"categories":[8],"tags":[421,422],"class_list":["post-13530","post","type-post","status-publish","format-standard","has-post-thumbnail","hentry","category-disciplinas-deportivas","tag-claudio-pizarro","tag-werder-bremen"],"_links":{"self":[{"href":"https:\/\/elinformanteperu.com\/index.php\/wp-json\/wp\/v2\/posts\/13530","targetHints":{"allow":["GET"]}}],"collection":[{"href":"https:\/\/elinformanteperu.com\/index.php\/wp-json\/wp\/v2\/posts"}],"about":[{"href":"https:\/\/elinformanteperu.com\/index.php\/wp-json\/wp\/v2\/types\/post"}],"author":[{"embeddable":true,"href":"https:\/\/elinformanteperu.com\/index.php\/wp-json\/wp\/v2\/users\/1"}],"replies":[{"embeddable":true,"href":"https:\/\/elinformanteperu.com\/index.php\/wp-json\/wp\/v2\/comments?post=13530"}],"version-history":[{"count":1,"href":"https:\/\/elinformanteperu.com\/index.php\/wp-json\/wp\/v2\/posts\/13530\/revisions"}],"predecessor-version":[{"id":13531,"href":"https:\/\/elinformanteperu.com\/index.php\/wp-json\/wp\/v2\/posts\/13530\/revisions\/13531"}],"wp:featuredmedia":[{"embeddable":true,"href":"https:\/\/elinformanteperu.com\/index.php\/wp-json\/wp\/v2\/media\/6138"}],"wp:attachment":[{"href":"https:\/\/elinformanteperu.com\/index.php\/wp-json\/wp\/v2\/media?parent=13530"}],"wp:term":[{"taxonomy":"category","embeddable":true,"href":"https:\/\/elinformanteperu.com\/index.php\/wp-json\/wp\/v2\/categories?post=13530"},{"taxonomy":"post_tag","embeddable":true,"href":"https:\/\/elinformanteperu.com\/index.php\/wp-json\/wp\/v2\/tags?post=13530"}],"curies":[{"name":"wp","href":"https:\/\/api.w.org\/{rel}","templated":true}]}}