{"id":135296,"date":"2025-02-14T19:23:16","date_gmt":"2025-02-15T00:23:16","guid":{"rendered":"https:\/\/elinformanteperu.com\/?p=135296"},"modified":"2025-02-14T19:23:16","modified_gmt":"2025-02-15T00:23:16","slug":"farre-desmiente-rumores-sobre-ruidiaz-y-analiza-proximo-partido-de-sporting-cristal","status":"publish","type":"post","link":"https:\/\/elinformanteperu.com\/index.php\/2025\/02\/14\/farre-desmiente-rumores-sobre-ruidiaz-y-analiza-proximo-partido-de-sporting-cristal\/","title":{"rendered":"Farr\u00e9 desmiente rumores sobre Ruid\u00edaz y analiza pr\u00f3ximo partido de Sporting Cristal"},"content":{"rendered":"<p><strong><span style=\"color: #000000;\">El DT del conjunto \u00b4Celeste\u00b4 neg\u00f3 cualquier posibilidad que la \u00b4Pulga\u00b4 se incorpore al equipo.<\/span><\/strong><\/p>\n<p><span style=\"color: #000000;\"><strong>Lima, 14 de febrero 2025, (ANDINA).-<\/strong> El entrenador de Sporting Cristal, Guillermo Farr\u00e9, aclar\u00f3 los rumores sobre una posible llegada de Ra\u00fal Ruid\u00edaz al equipo rimense y asegur\u00f3 que nunca se manej\u00f3 su nombre en el club. Adem\u00e1s, el estratega argentino brind\u00f3 detalles sobre el pr\u00f3ximo encuentro ante Sport Boys por la segunda jornada del Torneo Apertura.<\/span><\/p>\n<p><span style=\"color: #000000;\">El director t\u00e9cnico de Sporting Cristal, Guillermo Farr\u00e9, le puso fin a los rumores y descart\u00f3 la llegada de Ra\u00fal Ruid\u00edaz a La Florida. El estratega argentino tambi\u00e9n analiz\u00f3 el partido ante Sport Boys por la fecha 2 del Torneo Apertura.<\/span><\/p>\n<p><span style=\"color: #000000;\">\u00abNunca me lleg\u00f3 el nombre de Ra\u00fal Ruid\u00edaz, no s\u00e9 de d\u00f3nde habr\u00e1 salido eso\u00bb, indic\u00f3 el entrenador de Sporting Cristal ante la consulta de la prensa sobre la &#8216;Pulga&#8217;.<\/span><\/p>\n<p><span style=\"color: #000000;\">Sobre el duelo ante Sport Boys, Farr\u00e9 se\u00f1al\u00f3 que \u00abnos toca Boys de local, sabemos que de local tenemos la obligaci\u00f3n de ser protagonistas, no ser\u00e1 la excepci\u00f3n, analizaremos al rival m\u00e1s all\u00e1 de los nombres, de la capacidad de sus jugadores, no solo por lo demostrado en la primera fecha sino en los amistosos\u00bb.<\/span><\/p>\n<p><strong><span style=\"color: #000000;\">Bajas<\/span><\/strong><\/p>\n<p><span style=\"color: #000000;\">En ese sentido, el estratega celeste confirm\u00f3 las bajas de Leandro Sosa y Christofer Gonz\u00e1les. \u00abSosa sali\u00f3 con una lesi\u00f3n muscular, habr\u00e1 que esperar la evoluci\u00f3n, por uno o dos partidos no lo tendremos, es un jugador importante para la estructura del equipo y del club\u00bb.<\/span><\/p>\n<p><span style=\"color: #000000;\">\u00abCancha&#8217; sali\u00f3 con una molestia post partido, tambi\u00e9n est\u00e1 en recuperaci\u00f3n de una dolencia muscular, calculo que en diez d\u00edas debe estar con nosotros, vamos a darle el tiempo para que vuelva en \u00f3ptimas condiciones\u00bb, agreg\u00f3.<\/span><\/p>\n<p><span style=\"color: #000000;\">Finalmente, el estratega de Sporting Cristal destac\u00f3 la vuelta de los jugadores que participaron en el Sudamericano Sub-20, se\u00f1alando que su incorporaci\u00f3n fortalece la competencia interna.<\/span><\/p>\n<p><span style=\"color: #000000;\">\u00abEs importante que los chicos se hayan incorporado, hace que la competencia interna sea alta, el grupo se ha preparado muy bien, hoy el que le toca jugar sabe que tiene detr\u00e1s jugadores que pueden ser titulares y eso es lo que busco, que todos sientan con posibilidades de jugar y que todos est\u00e9n en la obligaci\u00f3n de demostrar dentro del campo cuando les toque jugar\u00bb.<\/span><\/p>\n<blockquote class=\"twitter-tweet\">\n<p dir=\"ltr\" lang=\"es\">\u00a1Descart\u00f3 a la &#8216;Pulga&#8217;!<br \/>\n\ud83d\udde3 Guillermo Farr\u00e9, DT de Sporting Cristal, sobre Ruid\u00edaz: \u00abNunca me lleg\u00f3 el nombre de Ra\u00fal Ruid\u00edaz, no s\u00e9 de d\u00f3nde habr\u00e1 salido eso\u00bb.<\/p>\n<p>\ud83d\udcf9 <a href=\"https:\/\/twitter.com\/Luccinaz?ref_src=twsrc%5Etfw\">@Luccinaz<\/a> <a href=\"https:\/\/t.co\/lUcYjg6Yoa\">pic.twitter.com\/lUcYjg6Yoa<\/a><\/p>\n<p>\u2014 Ovacion.pe (@ovacionweb) <a href=\"https:\/\/twitter.com\/ovacionweb\/status\/1890500332213436724?ref_src=twsrc%5Etfw\">February 14, 2025<\/a><\/p><\/blockquote>\n<p><script async src=\"https:\/\/platform.twitter.com\/widgets.js\" charset=\"utf-8\"><\/script><\/p>\n","protected":false},"excerpt":{"rendered":"<p>El DT del conjunto \u00b4Celeste\u00b4 neg\u00f3 cualquier posibilidad que la \u00b4Pulga\u00b4 se incorpore al equipo. Lima, 14 de febrero 2025, (ANDINA).- El entrenador de Sporting Cristal, Guillermo Farr\u00e9, aclar\u00f3 los rumores sobre una posible llegada de Ra\u00fal Ruid\u00edaz al equipo rimense y asegur\u00f3 que nunca se manej\u00f3 su nombre en el club. Adem\u00e1s, el estratega [&hellip;]<\/p>\n","protected":false},"author":1,"featured_media":135297,"comment_status":"closed","ping_status":"closed","sticky":false,"template":"","format":"standard","meta":{"rop_custom_images_group":[],"rop_custom_messages_group":[],"rop_publish_now":"initial","rop_publish_now_accounts":[],"rop_publish_now_history":[],"rop_publish_now_status":"pending","footnotes":""},"categories":[8],"tags":[8224,7533,669,200],"class_list":["post-135296","post","type-post","status-publish","format-standard","has-post-thumbnail","hentry","category-disciplinas-deportivas","tag-apertura-de-la-liga-1-2025","tag-guillermo-farre","tag-raul-ruidiaz","tag-sporting-cristal"],"_links":{"self":[{"href":"https:\/\/elinformanteperu.com\/index.php\/wp-json\/wp\/v2\/posts\/135296","targetHints":{"allow":["GET"]}}],"collection":[{"href":"https:\/\/elinformanteperu.com\/index.php\/wp-json\/wp\/v2\/posts"}],"about":[{"href":"https:\/\/elinformanteperu.com\/index.php\/wp-json\/wp\/v2\/types\/post"}],"author":[{"embeddable":true,"href":"https:\/\/elinformanteperu.com\/index.php\/wp-json\/wp\/v2\/users\/1"}],"replies":[{"embeddable":true,"href":"https:\/\/elinformanteperu.com\/index.php\/wp-json\/wp\/v2\/comments?post=135296"}],"version-history":[{"count":1,"href":"https:\/\/elinformanteperu.com\/index.php\/wp-json\/wp\/v2\/posts\/135296\/revisions"}],"predecessor-version":[{"id":135298,"href":"https:\/\/elinformanteperu.com\/index.php\/wp-json\/wp\/v2\/posts\/135296\/revisions\/135298"}],"wp:featuredmedia":[{"embeddable":true,"href":"https:\/\/elinformanteperu.com\/index.php\/wp-json\/wp\/v2\/media\/135297"}],"wp:attachment":[{"href":"https:\/\/elinformanteperu.com\/index.php\/wp-json\/wp\/v2\/media?parent=135296"}],"wp:term":[{"taxonomy":"category","embeddable":true,"href":"https:\/\/elinformanteperu.com\/index.php\/wp-json\/wp\/v2\/categories?post=135296"},{"taxonomy":"post_tag","embeddable":true,"href":"https:\/\/elinformanteperu.com\/index.php\/wp-json\/wp\/v2\/tags?post=135296"}],"curies":[{"name":"wp","href":"https:\/\/api.w.org\/{rel}","templated":true}]}}