{"id":135247,"date":"2025-02-14T01:23:41","date_gmt":"2025-02-14T06:23:41","guid":{"rendered":"https:\/\/elinformanteperu.com\/?p=135247"},"modified":"2025-02-14T01:23:41","modified_gmt":"2025-02-14T06:23:41","slug":"celebran-dia-de-san-valentin-en-pachacamac-con-festi-amor-desde-el-14-al-16-de-febrero","status":"publish","type":"post","link":"https:\/\/elinformanteperu.com\/index.php\/2025\/02\/14\/celebran-dia-de-san-valentin-en-pachacamac-con-festi-amor-desde-el-14-al-16-de-febrero\/","title":{"rendered":"\u00a1Celebran D\u00eda de San Valent\u00edn en Pachac\u00e1mac con \u00abFesti amor\u00bb desde el 14 al 16 de febrero!"},"content":{"rendered":"<p><strong><span style=\"color: #000000;\">&#8211; Pachac\u00e1mac espera recibir m\u00e1s de 3 mil turistas durante los d\u00edas del festival. A 35 minutos de Lima podr\u00e1n disfrutar con amigos, enamorados, novios o esposos un grato fin de semana.<\/span><\/strong><\/p>\n<p><span style=\"color: #000000;\"><strong>Lima, 13 de febrero 2025, (El Informante Per\u00fa).-<\/strong> Con el fin de promocionar los atractivos tur\u00edsticos del valle de Pachac\u00e1mac y con ocasi\u00f3n de celebrar el D\u00eda de La Amistad y Amor, vecinos, visitantes y turistas se preparan para un fin de semana alegre y rom\u00e1ntico. La Asociaci\u00f3n Centro Poblado Rural Cardal del distrito de Pachac\u00e1mac ofrecer\u00e1 el \u00abFesti Amor\u00bb, que se llevar\u00e1 a cabo desde el viernes 14 al domingo 16 de febrero, en el horario de las 09:00 am hasta las 18:00 horas.<\/span><\/p>\n<p><span style=\"color: #000000;\">La Asociaci\u00f3n presentar\u00e1 una nueva experiencia tur\u00edstica para atraer a m\u00e1s turistas locales y extranjeros. Los visitantes podr\u00e1n explorar lugares tur\u00edsticos y atractivos como La piedra del gorila, La piedra de los felinos, El manantial de la eterna juventud, La Huella de la carreta, La laguna del Pan de Az\u00facar, La Cueva de los Murci\u00e9lagos, El Templo en U con m\u00e1s de 3,000 a\u00f1os de antig\u00fcedad, este Centro Poblado de CARDAL, donde se encuentra la imponente y m\u00edstica Piedra del Amor (representaci\u00f3n de una pareja abraz\u00e1ndose tiernamente), ubicada en el Apu Pan de Az\u00facar, fue declarado Patrimonio Cultural de la Naci\u00f3n.<\/span><\/p>\n<p><span style=\"color: #000000;\">La jornada estar\u00e1 repleta de actividades din\u00e1micas relacionadas con la amistad y el amor, incluyendo concursos como \u00abBaile de mi Amor Bonito\u00bb, \u00abDeclaraci\u00f3n de mi loco Amor\u00bb adem\u00e1s de realizarse un matrimonio simb\u00f3lico de capibaras, esta es una ceremonia ancestral de ofrenda al Apu. Adem\u00e1s, los asistentes tendr\u00e1n la oportunidad de inmortalizar momentos especiales en el coraz\u00f3n de la felicidad de dos metros de altura, adem\u00e1s cupido, los capibaras y la piedra del amor mediante fotograf\u00edas.<\/span><\/p>\n<p><a href=\"https:\/\/elinformanteperu.com\/wp-content\/uploads\/2025\/02\/festiamor-pachacamac1.jpg\"><img fetchpriority=\"high\" decoding=\"async\" class=\"wp-image-135249 aligncenter\" src=\"https:\/\/elinformanteperu.com\/wp-content\/uploads\/2025\/02\/festiamor-pachacamac1-768x1024.jpg\" alt=\"\" width=\"381\" height=\"508\" srcset=\"https:\/\/elinformanteperu.com\/wp-content\/uploads\/2025\/02\/festiamor-pachacamac1-768x1024.jpg 768w, https:\/\/elinformanteperu.com\/wp-content\/uploads\/2025\/02\/festiamor-pachacamac1-225x300.jpg 225w, https:\/\/elinformanteperu.com\/wp-content\/uploads\/2025\/02\/festiamor-pachacamac1.jpg 960w\" sizes=\"(max-width: 381px) 100vw, 381px\" \/><\/a><span style=\"color: #000000;\">Este evento es totalmente gratuito, iniciar\u00e1 a las 9:00 a.m. hasta las 18:00 pm en la zona de Cardal, contar\u00e1 con una gran feria gastron\u00f3mica, feria de artesan\u00eda, presentaci\u00f3n de productos del valle, helados artesanales, postres saludables, bebidas preparadas en la zona, presentaci\u00f3n del libro \u00abpiedra del amor\u00bb, adem\u00e1s de artistas, m\u00fasica rom\u00e1ntica en vivo, danzas t\u00edpicas, bailes, rituales y pagos a la tierra, concursos, exhibici\u00f3n de dibujos, pinturas y talleres de artesan\u00eda para parejas, visitas guiadas a los criaderos de tilapia, camping, liberaci\u00f3n de globos de los deseos, etc. Esta jornada promete ser un paseo lleno de actividades rom\u00e1nticas y entretenidas para todos los visitantes.<\/span><\/p>\n<p><span style=\"color: #000000;\">Evelith Montoya Torres, secretaria de turismo de la Asociaci\u00f3n Centro Poblado Rural Cardal \u2013 Pachac\u00e1mac, mencion\u00f3 que El \u00abFesti Amor\u00bb promete ser una celebraci\u00f3n inolvidable para todos los amantes del romance, la cultura y la reconexi\u00f3n con la naturaleza. \u00abinvitamos al p\u00fablico en general, sobre todo a las parejas y amigos, a participar en este encuentro con la naturaleza y el amor\u00bb, declar\u00f3.<\/span><\/p>\n<p><a href=\"https:\/\/elinformanteperu.com\/wp-content\/uploads\/2025\/02\/festi-amor-programacion.jpg\"><img decoding=\"async\" class=\"wp-image-135250 aligncenter\" src=\"https:\/\/elinformanteperu.com\/wp-content\/uploads\/2025\/02\/festi-amor-programacion-724x1024.jpg\" alt=\"\" width=\"407\" height=\"575\" srcset=\"https:\/\/elinformanteperu.com\/wp-content\/uploads\/2025\/02\/festi-amor-programacion-724x1024.jpg 724w, https:\/\/elinformanteperu.com\/wp-content\/uploads\/2025\/02\/festi-amor-programacion-212x300.jpg 212w, https:\/\/elinformanteperu.com\/wp-content\/uploads\/2025\/02\/festi-amor-programacion-768x1086.jpg 768w, https:\/\/elinformanteperu.com\/wp-content\/uploads\/2025\/02\/festi-amor-programacion-1086x1536.jpg 1086w, https:\/\/elinformanteperu.com\/wp-content\/uploads\/2025\/02\/festi-amor-programacion.jpg 1131w\" sizes=\"(max-width: 407px) 100vw, 407px\" \/><\/a><\/p>\n","protected":false},"excerpt":{"rendered":"<p>&#8211; Pachac\u00e1mac espera recibir m\u00e1s de 3 mil turistas durante los d\u00edas del festival. A 35 minutos de Lima podr\u00e1n disfrutar con amigos, enamorados, novios o esposos un grato fin de semana. Lima, 13 de febrero 2025, (El Informante Per\u00fa).- Con el fin de promocionar los atractivos tur\u00edsticos del valle de Pachac\u00e1mac y con ocasi\u00f3n [&hellip;]<\/p>\n","protected":false},"author":1,"featured_media":135248,"comment_status":"closed","ping_status":"closed","sticky":false,"template":"","format":"standard","meta":{"rop_custom_images_group":[],"rop_custom_messages_group":[],"rop_publish_now":"initial","rop_publish_now_accounts":[],"rop_publish_now_history":[],"rop_publish_now_status":"pending","footnotes":""},"categories":[10],"tags":[3999],"class_list":["post-135247","post","type-post","status-publish","format-standard","has-post-thumbnail","hentry","category-actualidad-municipal","tag-pachacamac"],"_links":{"self":[{"href":"https:\/\/elinformanteperu.com\/index.php\/wp-json\/wp\/v2\/posts\/135247","targetHints":{"allow":["GET"]}}],"collection":[{"href":"https:\/\/elinformanteperu.com\/index.php\/wp-json\/wp\/v2\/posts"}],"about":[{"href":"https:\/\/elinformanteperu.com\/index.php\/wp-json\/wp\/v2\/types\/post"}],"author":[{"embeddable":true,"href":"https:\/\/elinformanteperu.com\/index.php\/wp-json\/wp\/v2\/users\/1"}],"replies":[{"embeddable":true,"href":"https:\/\/elinformanteperu.com\/index.php\/wp-json\/wp\/v2\/comments?post=135247"}],"version-history":[{"count":1,"href":"https:\/\/elinformanteperu.com\/index.php\/wp-json\/wp\/v2\/posts\/135247\/revisions"}],"predecessor-version":[{"id":135251,"href":"https:\/\/elinformanteperu.com\/index.php\/wp-json\/wp\/v2\/posts\/135247\/revisions\/135251"}],"wp:featuredmedia":[{"embeddable":true,"href":"https:\/\/elinformanteperu.com\/index.php\/wp-json\/wp\/v2\/media\/135248"}],"wp:attachment":[{"href":"https:\/\/elinformanteperu.com\/index.php\/wp-json\/wp\/v2\/media?parent=135247"}],"wp:term":[{"taxonomy":"category","embeddable":true,"href":"https:\/\/elinformanteperu.com\/index.php\/wp-json\/wp\/v2\/categories?post=135247"},{"taxonomy":"post_tag","embeddable":true,"href":"https:\/\/elinformanteperu.com\/index.php\/wp-json\/wp\/v2\/tags?post=135247"}],"curies":[{"name":"wp","href":"https:\/\/api.w.org\/{rel}","templated":true}]}}