{"id":135232,"date":"2025-02-14T00:25:30","date_gmt":"2025-02-14T05:25:30","guid":{"rendered":"https:\/\/elinformanteperu.com\/?p=135232"},"modified":"2025-02-14T00:33:57","modified_gmt":"2025-02-14T05:33:57","slug":"indeci-lluvias-intensas-en-ica-dejan-al-menos-2817-viviendas-afectadas-y-14-destruidas","status":"publish","type":"post","link":"https:\/\/elinformanteperu.com\/index.php\/2025\/02\/14\/indeci-lluvias-intensas-en-ica-dejan-al-menos-2817-viviendas-afectadas-y-14-destruidas\/","title":{"rendered":"Indeci: lluvias intensas en Ica dejan al menos 2,817 viviendas afectadas y 14 destruidas"},"content":{"rendered":"<p><strong><span style=\"color: #000000;\">Se eval\u00faa una posible afectaci\u00f3n en los geoglifos de la reserva arqueol\u00f3gica en El Ingenio<\/span><\/strong><\/p>\n<p><span style=\"color: #000000;\"><strong>Lima, 13 de febrero 2025, (ANDINA).-<\/strong> Las lluvias intensas registradas en la regi\u00f3n Ica han dejado, hasta el momento, 2,817 viviendas afectadas y otras 14 destruidas, adem\u00e1s de afectaci\u00f3n en dos instituciones educativas, un establecimiento de salud, 6.2 kil\u00f3metros de v\u00edas de comunicaci\u00f3n y 200 hect\u00e1reas de cultivos, inform\u00f3 hoy el Instituto Nacional de Defensa Civil (Indeci), a trav\u00e9s del Centro de Operaciones de Emergencia Nacional (COEN).<\/span><\/p>\n<p><span style=\"color: #000000;\">Seg\u00fan el Centro de Operaciones de Emergencia Regional (COER) de Ica, tambi\u00e9n se han registrado da\u00f1os en los servicios de agua potable, energ\u00eda el\u00e9ctrica, telefon\u00eda e internet.<\/span><\/p>\n<p><span style=\"color: #000000;\">Frente a este panorama, las autoridades locales y personal de diversos sectores contin\u00faan con las acciones de respuesta a fin de atender las emergencias como consecuencia de las lluvias intensas durante la tarde del mi\u00e9rcoles 12 de febrero en la regi\u00f3n Ica.<\/span><\/p>\n<p><span style=\"color: #000000;\">Trabajadores de la concesionaria Survial, del Proyecto Especial de Infraestructura de Transporte Nacional (Prov\u00edas Nacional), y de los municipios distritales ejecutan labores de limpieza en las v\u00edas de comunicaci\u00f3n afectadas.<\/span><\/p>\n<p><span style=\"color: #000000;\">El tr\u00e1nsito es restringido en la v\u00eda vecinal que comprende el tramo Huancano-Characas, en varios tramos de la v\u00eda Los Libertadores y en la red vial nacional PE-30AI (tramo Nasca-Pampachiri, sector Las Lomas); mientras que est\u00e1 interrumpido en la carretera departamental Ica-Otoca-Ayacucho.<\/span><\/p>\n<p><strong><span style=\"color: #000000;\">Evaluaci\u00f3n de da\u00f1os<\/span><\/strong><\/p>\n<p><span style=\"color: #000000;\">Personal de las oficinas de Gesti\u00f3n del Riesgo de Desastres de las municipalidades distritales con la evaluaci\u00f3n de da\u00f1os y an\u00e1lisis de necesidades (EDAN) con el asesoramiento t\u00e9cnico de especialistas del Indeci destacados en la regi\u00f3n sure\u00f1a.<\/span><\/p>\n<p><span style=\"color: #000000;\">De acuerdo a los centros de operaciones de emergencia sectoriales (COES) de los ministerios de Desarrollo e Inclusi\u00f3n Social y de Cultura se ha reportado da\u00f1os en oficinas de los programas Foncodes y Pensi\u00f3n 65, y se eval\u00faa una posible afectaci\u00f3n en los geoglifos de la reserva arqueol\u00f3gica en El Ingenio, en donde el municipio distrital instal\u00f3 15 carpas en un albergue ubicado en un complejo polideportivo multiusos.<\/span><\/p>\n<p><span style=\"color: #000000;\">Adem\u00e1s, las comunas de El Ingenio, Changuillo, Santiago, Parcona y Santa Cruz entregaron cortes de pl\u00e1stico y sacos terreros a la poblaci\u00f3n afectada y damnificada.<\/span><\/p>\n<p><span style=\"color: #000000;\">El Indeci, a trav\u00e9s del Centro de Operaciones de Emergencia Nacional (COEN), coordina con las autoridades regionales y locales, monitorea la situaci\u00f3n y exhorta mantener activos sus Centros de Operaciones de Emergencia.<\/span><\/p>\n<p><a href=\"https:\/\/elinformanteperu.com\/wp-content\/uploads\/2024\/12\/ica-lluvias1.jpg\"><img fetchpriority=\"high\" decoding=\"async\" class=\"size-full wp-image-131309 aligncenter\" src=\"https:\/\/elinformanteperu.com\/wp-content\/uploads\/2024\/12\/ica-lluvias1.jpg\" alt=\"\" width=\"500\" height=\"333\" srcset=\"https:\/\/elinformanteperu.com\/wp-content\/uploads\/2024\/12\/ica-lluvias1.jpg 500w, https:\/\/elinformanteperu.com\/wp-content\/uploads\/2024\/12\/ica-lluvias1-300x200.jpg 300w\" sizes=\"(max-width: 500px) 100vw, 500px\" \/><\/a><\/p>\n","protected":false},"excerpt":{"rendered":"<p>Se eval\u00faa una posible afectaci\u00f3n en los geoglifos de la reserva arqueol\u00f3gica en El Ingenio Lima, 13 de febrero 2025, (ANDINA).- Las lluvias intensas registradas en la regi\u00f3n Ica han dejado, hasta el momento, 2,817 viviendas afectadas y otras 14 destruidas, adem\u00e1s de afectaci\u00f3n en dos instituciones educativas, un establecimiento de salud, 6.2 kil\u00f3metros de [&hellip;]<\/p>\n","protected":false},"author":1,"featured_media":135233,"comment_status":"closed","ping_status":"closed","sticky":false,"template":"","format":"standard","meta":{"rop_custom_images_group":[],"rop_custom_messages_group":[],"rop_publish_now":"initial","rop_publish_now_accounts":[],"rop_publish_now_history":[],"rop_publish_now_status":"pending","footnotes":""},"categories":[10,5745],"tags":[843,1361,148],"class_list":["post-135232","post","type-post","status-publish","format-standard","has-post-thumbnail","hentry","category-actualidad-municipal","category-lo-ultimo","tag-coen","tag-ica","tag-indeci"],"_links":{"self":[{"href":"https:\/\/elinformanteperu.com\/index.php\/wp-json\/wp\/v2\/posts\/135232","targetHints":{"allow":["GET"]}}],"collection":[{"href":"https:\/\/elinformanteperu.com\/index.php\/wp-json\/wp\/v2\/posts"}],"about":[{"href":"https:\/\/elinformanteperu.com\/index.php\/wp-json\/wp\/v2\/types\/post"}],"author":[{"embeddable":true,"href":"https:\/\/elinformanteperu.com\/index.php\/wp-json\/wp\/v2\/users\/1"}],"replies":[{"embeddable":true,"href":"https:\/\/elinformanteperu.com\/index.php\/wp-json\/wp\/v2\/comments?post=135232"}],"version-history":[{"count":1,"href":"https:\/\/elinformanteperu.com\/index.php\/wp-json\/wp\/v2\/posts\/135232\/revisions"}],"predecessor-version":[{"id":135234,"href":"https:\/\/elinformanteperu.com\/index.php\/wp-json\/wp\/v2\/posts\/135232\/revisions\/135234"}],"wp:featuredmedia":[{"embeddable":true,"href":"https:\/\/elinformanteperu.com\/index.php\/wp-json\/wp\/v2\/media\/135233"}],"wp:attachment":[{"href":"https:\/\/elinformanteperu.com\/index.php\/wp-json\/wp\/v2\/media?parent=135232"}],"wp:term":[{"taxonomy":"category","embeddable":true,"href":"https:\/\/elinformanteperu.com\/index.php\/wp-json\/wp\/v2\/categories?post=135232"},{"taxonomy":"post_tag","embeddable":true,"href":"https:\/\/elinformanteperu.com\/index.php\/wp-json\/wp\/v2\/tags?post=135232"}],"curies":[{"name":"wp","href":"https:\/\/api.w.org\/{rel}","templated":true}]}}