{"id":135208,"date":"2025-02-13T22:07:42","date_gmt":"2025-02-14T03:07:42","guid":{"rendered":"https:\/\/elinformanteperu.com\/?p=135208"},"modified":"2025-02-13T23:33:38","modified_gmt":"2025-02-14T04:33:38","slug":"sport-boys-se-fortalece-regresa-el-futbol-nocturno-al-miguel-grau-del-callao","status":"publish","type":"post","link":"https:\/\/elinformanteperu.com\/index.php\/2025\/02\/13\/sport-boys-se-fortalece-regresa-el-futbol-nocturno-al-miguel-grau-del-callao\/","title":{"rendered":"Sport Boys se fortalece: regresa el f\u00fatbol nocturno al Miguel Grau del Callao"},"content":{"rendered":"<p><strong><span style=\"color: #000000;\">Iniciaron los trabajos para reinstalar las torres de iluminaci\u00f3n en el recinto deportivo.<\/span><\/strong><\/p>\n<p><span style=\"color: #000000;\"><strong>Lima, 13 de febrero 2025, (ANDINA).-<\/strong> El ambiente en Sport Boys parece ir en ascenso. Luego de reforzarse con fichajes importantes y con el rumor de una posible incorporaci\u00f3n de Ra\u00fal Ruid\u00edaz, el club chalaco recibe otra noticia que entusiasma a su hinchada: el retorno de los partidos nocturnos en el Estadio Miguel Grau del Callao.<\/span><\/p>\n<p><span style=\"color: #000000;\">La municipalidad provincial ha iniciado los trabajos para instalar torres de iluminaci\u00f3n en el recinto deportivo, permitiendo que el equipo dirigido por Cristian Paulucci pueda programar sus encuentros en horario nocturno, algo que no ocurr\u00eda desde hace varios a\u00f1os.<\/span><\/p>\n<p><span style=\"color: #000000;\">En lo deportivo, Sport Boys arranc\u00f3 con el pie derecho en la Liga 1 2025 tras vencer 1-0 a Juan Pablo II en su debut en el Torneo Apertura. La victoria fue sellada con un gol de Alejandro Hohberg, quien adem\u00e1s luci\u00f3 el brazalete de capit\u00e1n en ese compromiso disputado en la tarde.<\/span><\/p>\n<p><span style=\"color: #000000;\">El equipo rosado mantiene su preparaci\u00f3n con entrenamientos programados para este viernes en Lur\u00edn y el s\u00e1bado en el Callao, con miras a su pr\u00f3ximo enfrentamiento frente a Sporting Cristal este domingo.<\/span><\/p>\n<p><a href=\"https:\/\/elinformanteperu.com\/wp-content\/uploads\/2022\/02\/hinchas-boys.jpg\"><img fetchpriority=\"high\" decoding=\"async\" class=\"size-large wp-image-111802 aligncenter\" src=\"https:\/\/elinformanteperu.com\/wp-content\/uploads\/2022\/02\/hinchas-boys-1024x683.jpg\" alt=\"\" width=\"615\" height=\"410\" srcset=\"https:\/\/elinformanteperu.com\/wp-content\/uploads\/2022\/02\/hinchas-boys-1024x683.jpg 1024w, https:\/\/elinformanteperu.com\/wp-content\/uploads\/2022\/02\/hinchas-boys-300x200.jpg 300w, https:\/\/elinformanteperu.com\/wp-content\/uploads\/2022\/02\/hinchas-boys-768x512.jpg 768w, https:\/\/elinformanteperu.com\/wp-content\/uploads\/2022\/02\/hinchas-boys-1536x1024.jpg 1536w, https:\/\/elinformanteperu.com\/wp-content\/uploads\/2022\/02\/hinchas-boys.jpg 1800w\" sizes=\"(max-width: 615px) 100vw, 615px\" \/><\/a><\/p>\n","protected":false},"excerpt":{"rendered":"<p>Iniciaron los trabajos para reinstalar las torres de iluminaci\u00f3n en el recinto deportivo. Lima, 13 de febrero 2025, (ANDINA).- El ambiente en Sport Boys parece ir en ascenso. Luego de reforzarse con fichajes importantes y con el rumor de una posible incorporaci\u00f3n de Ra\u00fal Ruid\u00edaz, el club chalaco recibe otra noticia que entusiasma a su [&hellip;]<\/p>\n","protected":false},"author":1,"featured_media":19033,"comment_status":"closed","ping_status":"closed","sticky":false,"template":"","format":"standard","meta":{"rop_custom_images_group":[],"rop_custom_messages_group":[],"rop_publish_now":"initial","rop_publish_now_accounts":[],"rop_publish_now_history":[],"rop_publish_now_status":"pending","footnotes":""},"categories":[8],"tags":[727,329],"class_list":["post-135208","post","type-post","status-publish","format-standard","has-post-thumbnail","hentry","category-disciplinas-deportivas","tag-alejandro-hohberg","tag-sport-boys"],"_links":{"self":[{"href":"https:\/\/elinformanteperu.com\/index.php\/wp-json\/wp\/v2\/posts\/135208","targetHints":{"allow":["GET"]}}],"collection":[{"href":"https:\/\/elinformanteperu.com\/index.php\/wp-json\/wp\/v2\/posts"}],"about":[{"href":"https:\/\/elinformanteperu.com\/index.php\/wp-json\/wp\/v2\/types\/post"}],"author":[{"embeddable":true,"href":"https:\/\/elinformanteperu.com\/index.php\/wp-json\/wp\/v2\/users\/1"}],"replies":[{"embeddable":true,"href":"https:\/\/elinformanteperu.com\/index.php\/wp-json\/wp\/v2\/comments?post=135208"}],"version-history":[{"count":1,"href":"https:\/\/elinformanteperu.com\/index.php\/wp-json\/wp\/v2\/posts\/135208\/revisions"}],"predecessor-version":[{"id":135210,"href":"https:\/\/elinformanteperu.com\/index.php\/wp-json\/wp\/v2\/posts\/135208\/revisions\/135210"}],"wp:featuredmedia":[{"embeddable":true,"href":"https:\/\/elinformanteperu.com\/index.php\/wp-json\/wp\/v2\/media\/19033"}],"wp:attachment":[{"href":"https:\/\/elinformanteperu.com\/index.php\/wp-json\/wp\/v2\/media?parent=135208"}],"wp:term":[{"taxonomy":"category","embeddable":true,"href":"https:\/\/elinformanteperu.com\/index.php\/wp-json\/wp\/v2\/categories?post=135208"},{"taxonomy":"post_tag","embeddable":true,"href":"https:\/\/elinformanteperu.com\/index.php\/wp-json\/wp\/v2\/tags?post=135208"}],"curies":[{"name":"wp","href":"https:\/\/api.w.org\/{rel}","templated":true}]}}