{"id":135205,"date":"2025-02-13T22:00:20","date_gmt":"2025-02-14T03:00:20","guid":{"rendered":"https:\/\/elinformanteperu.com\/?p=135205"},"modified":"2025-02-13T22:00:20","modified_gmt":"2025-02-14T03:00:20","slug":"juan-roman-riquelme-advierte-boca-jugara-una-final-en-peru-contra-alianza-lima","status":"publish","type":"post","link":"https:\/\/elinformanteperu.com\/index.php\/2025\/02\/13\/juan-roman-riquelme-advierte-boca-jugara-una-final-en-peru-contra-alianza-lima\/","title":{"rendered":"Juan Rom\u00e1n Riquelme advierte: \u00abBoca jugar\u00e1 una final en Per\u00fa, contra Alianza Lima\u00bb"},"content":{"rendered":"<p><strong><span style=\"color: #000000;\">El mandam\u00e1s &#8216;Xeneize&#8217; anticipa lo que ser\u00e1 el enfrentamiento de ida en Matute.<\/span><\/strong><\/p>\n<p><span style=\"color: #000000;\"><strong>Lima, 13 de febrero 2025, (ANDINA).-<\/strong> Alianza Lima clasific\u00f3 a la segunda fase de la Copa Conmebol Libertadores 2025 y tendr\u00e1 un exigente desaf\u00edo ante Boca Juniors. El presidente del club argentino, Juan Rom\u00e1n Riquelme, reconoci\u00f3 que ser\u00e1 un partido complicado para ambos equipos.<\/span><\/p>\n<p><span style=\"color: #000000;\">\u00abDespu\u00e9s del viernes tenemos nuestra final en Per\u00fa contra un equipo que tiene jugadores de mucha experiencia, que tiene grand\u00edsimos futbolistas como Guerrero, Trauco o Zambrano. Gente que puede estar un poquito m\u00e1s lenta que en otros momentos, pero que saben jugar y hay que respetarlos\u00bb, declar\u00f3 a DSports.<\/span><\/p>\n<p><span style=\"color: #000000;\">Riquelme tambi\u00e9n abord\u00f3 las cr\u00edticas que ha recibido la gesti\u00f3n dirigencial de Boca en los \u00faltimos a\u00f1os. Asegur\u00f3 que, pese a los cuestionamientos, el equipo sigue enfocado en su participaci\u00f3n en el torneo continental.<\/span><\/p>\n<p><span style=\"color: #000000;\">\u00abDurante cuatro a\u00f1os hemos ganado muchos t\u00edtulos y hemos sido el \u00fanico equipo no brasile\u00f1o que ha jugado la final de la Copa Libertadores, y parece que por lo que se habla, hace 15 a\u00f1os que Boca no juega una final. Ahora tenemos rival confirmado y vamos a ir a Per\u00fa con mucha ilusi\u00f3n\u00bb, afirm\u00f3.<\/span><\/p>\n<p><span style=\"color: #000000;\">Adem\u00e1s, el exfutbolista destac\u00f3 las incorporaciones que realiz\u00f3 Boca para esta temporada, aunque algunos refuerzos no podr\u00e1n disputar el partido de ida en Lima debido a sanciones o lesiones.<\/span><\/p>\n<p><span style=\"color: #000000;\">\u00abEstamos felices de la cantidad de jugadores que hemos podido traer. Nos pone contentos haber incorporado a estos jugadores que ten\u00edan el deseo de venir a nuestro club e hicieron mucha fuerza para vestir nuestra camiseta (Ander Herrera, Carlos Palacios, Alan Velasco o Rodrigo Battaglia)\u00bb, se\u00f1al\u00f3.<\/span><\/p>\n<p><strong><span style=\"color: #000000;\">\u00bfD\u00f3nde ver el partido entre Alianza y Boca?<\/span><\/strong><\/p>\n<p><span style=\"color: #000000;\">El encuentro entre Alianza Lima y Boca Juniors se jugar\u00e1 en el Estadio Alejandro Villanueva y ser\u00e1 transmitido en exclusiva por ESPN para toda Latinoam\u00e9rica. La se\u00f1al estar\u00e1 disponible en Directv, Movistar TV y Claro TV, adem\u00e1s de la versi\u00f3n de streaming a trav\u00e9s de Disney Plus.<\/span><\/p>\n<blockquote class=\"twitter-tweet\" data-media-max-width=\"560\">\n<p dir=\"ltr\" lang=\"es\">\u00abVAMOS A JUGAR NUESTRA FINAL EN PER\u00da CONTRA UN EQUIPO DE MUCH\u00cdSIMA EXPERIENCIA\u00bb \ud83d\udd35\ud83c\udfc6\ud83d\udfe1<\/p>\n<p>\ud83e\udde0\ud83c\udfc6 Juan Rom\u00e1n Riquelme se refiri\u00f3 a la llave ante Alianza Lima \ud83c\uddf5\ud83c\uddea por la segunda ronda de la CONMEBOL <a href=\"https:\/\/twitter.com\/hashtag\/Libertadores?src=hash&amp;ref_src=twsrc%5Etfw\">#Libertadores<\/a>.<\/p>\n<p>\ud83c\udf99 <a href=\"https:\/\/twitter.com\/hashtag\/DSPORTSNoticias?src=hash&amp;ref_src=twsrc%5Etfw\">#DSPORTSNoticias<\/a> <a href=\"https:\/\/t.co\/E2o1NdlLZE\">pic.twitter.com\/E2o1NdlLZE<\/a><\/p>\n<p>\u2014 DSPORTS (@DSports) <a href=\"https:\/\/twitter.com\/DSports\/status\/1890106396190081090?ref_src=twsrc%5Etfw\">February 13, 2025<\/a><\/p><\/blockquote>\n<p><script async src=\"https:\/\/platform.twitter.com\/widgets.js\" charset=\"utf-8\"><\/script><\/p>\n","protected":false},"excerpt":{"rendered":"<p>El mandam\u00e1s &#8216;Xeneize&#8217; anticipa lo que ser\u00e1 el enfrentamiento de ida en Matute. Lima, 13 de febrero 2025, (ANDINA).- Alianza Lima clasific\u00f3 a la segunda fase de la Copa Conmebol Libertadores 2025 y tendr\u00e1 un exigente desaf\u00edo ante Boca Juniors. El presidente del club argentino, Juan Rom\u00e1n Riquelme, reconoci\u00f3 que ser\u00e1 un partido complicado para [&hellip;]<\/p>\n","protected":false},"author":1,"featured_media":135206,"comment_status":"closed","ping_status":"closed","sticky":false,"template":"","format":"standard","meta":{"rop_custom_images_group":[],"rop_custom_messages_group":[],"rop_publish_now":"initial","rop_publish_now_accounts":[],"rop_publish_now_history":[],"rop_publish_now_status":"pending","footnotes":""},"categories":[8],"tags":[],"class_list":["post-135205","post","type-post","status-publish","format-standard","has-post-thumbnail","hentry","category-disciplinas-deportivas"],"_links":{"self":[{"href":"https:\/\/elinformanteperu.com\/index.php\/wp-json\/wp\/v2\/posts\/135205","targetHints":{"allow":["GET"]}}],"collection":[{"href":"https:\/\/elinformanteperu.com\/index.php\/wp-json\/wp\/v2\/posts"}],"about":[{"href":"https:\/\/elinformanteperu.com\/index.php\/wp-json\/wp\/v2\/types\/post"}],"author":[{"embeddable":true,"href":"https:\/\/elinformanteperu.com\/index.php\/wp-json\/wp\/v2\/users\/1"}],"replies":[{"embeddable":true,"href":"https:\/\/elinformanteperu.com\/index.php\/wp-json\/wp\/v2\/comments?post=135205"}],"version-history":[{"count":1,"href":"https:\/\/elinformanteperu.com\/index.php\/wp-json\/wp\/v2\/posts\/135205\/revisions"}],"predecessor-version":[{"id":135207,"href":"https:\/\/elinformanteperu.com\/index.php\/wp-json\/wp\/v2\/posts\/135205\/revisions\/135207"}],"wp:featuredmedia":[{"embeddable":true,"href":"https:\/\/elinformanteperu.com\/index.php\/wp-json\/wp\/v2\/media\/135206"}],"wp:attachment":[{"href":"https:\/\/elinformanteperu.com\/index.php\/wp-json\/wp\/v2\/media?parent=135205"}],"wp:term":[{"taxonomy":"category","embeddable":true,"href":"https:\/\/elinformanteperu.com\/index.php\/wp-json\/wp\/v2\/categories?post=135205"},{"taxonomy":"post_tag","embeddable":true,"href":"https:\/\/elinformanteperu.com\/index.php\/wp-json\/wp\/v2\/tags?post=135205"}],"curies":[{"name":"wp","href":"https:\/\/api.w.org\/{rel}","templated":true}]}}