{"id":13517,"date":"2017-07-25T00:05:35","date_gmt":"2017-07-25T05:05:35","guid":{"rendered":"http:\/\/elinformanteperu.com\/?p=13517"},"modified":"2017-07-25T00:05:35","modified_gmt":"2017-07-25T05:05:35","slug":"edgar-vivar-soy-un-hombre-perceptivo-pero-no-expresivo","status":"publish","type":"post","link":"https:\/\/elinformanteperu.com\/index.php\/2017\/07\/25\/edgar-vivar-soy-un-hombre-perceptivo-pero-no-expresivo\/","title":{"rendered":"Edgar Vivar: \u201cSoy un hombre perceptivo, pero no expresivo\u201d"},"content":{"rendered":"<p><strong><span style=\"color: #000000;\">Edgar Vivar o el Se\u00f1or Barriga, \u00d1o\u00f1o o El Botija est\u00e1 una vez m\u00e1s en Lima, una ciudad que siempre permanece en el recuerdo de este querido artista.<\/span><\/strong><\/p>\n<p><span style=\"color: #000000;\"><strong>Lima, 24 Julio 2017, (ANDINA).-<\/strong> Edgar Vivar o el Se\u00f1or Barriga, \u00d1o\u00f1o o El Botija est\u00e1 una vez m\u00e1s en Lima, una ciudad que siempre permanece en el recuerdo de este querido artista, ya que el Per\u00fa fue el primer pa\u00eds en donde la vecindad del Chavo del 8 arrib\u00f3 en olor a fama.<\/span><\/p>\n<p><span style=\"color: #000000;\">Vivar, alejado de la voluminosidad de sus personajes de anta\u00f1o, tras someterse a una cirug\u00eda contra la obesidad, se muestra como un hombre de formas suaves, que va despacio, sin prisas, por esta vida.<\/span><\/p>\n<p><span style=\"color: #000000;\">Hoy, al frente de un circo que le rinde homenaje, asegura que le ha sorprendido la cantidad de circos que hay en el Per\u00fa, fen\u00f3meno inusual en otras partes de la regi\u00f3n.<\/span><\/p>\n<p><span style=\"color: #000000;\">\u201cLa oferta de circos aqu\u00ed me sorprende. Deseo que a todos les vaya bien, pero el \u00fanico que va a tener al Se\u00f1or Barriga es este\u201d, afirma risue\u00f1o.<\/span><\/p>\n<p><strong><span style=\"color: #000000;\">\u2013Usted trabaja intensamente, es toda una vida dedicada a arte.<\/span><\/strong><\/p>\n<p><span style=\"color: #000000;\">\u2013Soy un actor y trato de diversificarme y salir de mi zona de confort. He producido, he hecho teatro, cine, doblaje, pero, sabes, estoy en una etapa de mi vida muy hermosa, donde puedo escoger lo que quiero hacer y solo hago lo que me interesa, lo que constituya para m\u00ed un reto.<\/span><\/p>\n<p><strong><span style=\"color: #000000;\">\u2013Ahora, eligi\u00f3 una temporada de circo.<\/span><\/strong><\/p>\n<p><span style=\"color: #000000;\">\u2013\u00bfSabes por qu\u00e9\u2026? porque tener a la gente cerca, ese contacto, es hermoso, igual que en el teatro. Es algo que el cine o la televisi\u00f3n no te dan.<\/span><\/p>\n<p><strong><span style=\"color: #000000;\">\u2013\u00bfY ha sido f\u00e1cil, para diversificarse, luchar contra el arraigo que posee el personaje del Se\u00f1or Barriga?<\/span><\/strong><\/p>\n<p><span style=\"color: #000000;\">\u2013Definitivamente, s\u00ed, me ha costado, pero el principal reto no es el p\u00fablico, sino los productores. Que ellos se convenzan de que puedo hacer otros roles. Cuando Televisa acab\u00f3 el programa, me sent\u00ed mal porque pens\u00e9 que ese d\u00eda terminaba mi modus vivendi, pero no fue as\u00ed. Tom\u00e9 mis cosas y me fui a Espa\u00f1a, a Argentina, haciendo novelas junto a Adriana Barraza, ganadora del \u00d3scar por Babel. Entonces, comprob\u00e9 que s\u00ed se puede hacer cosas diferentes. El mejor halago que me hacen es cuando dicen: \u201cEl Se\u00f1or Barriga puede actuar\u201d. Y yo lo entiendo, porque ha sido mi trabajo por m\u00e1s de 25 a\u00f1os.<\/span><\/p>\n<p><img fetchpriority=\"high\" decoding=\"async\" class=\"aligncenter size-full wp-image-13519\" src=\"http:\/\/elinformanteperu.com\/wp-content\/uploads\/2017\/07\/edgar-vivar-chavo.jpg\" alt=\"\" width=\"500\" height=\"281\" srcset=\"https:\/\/elinformanteperu.com\/wp-content\/uploads\/2017\/07\/edgar-vivar-chavo.jpg 500w, https:\/\/elinformanteperu.com\/wp-content\/uploads\/2017\/07\/edgar-vivar-chavo-300x169.jpg 300w, https:\/\/elinformanteperu.com\/wp-content\/uploads\/2017\/07\/edgar-vivar-chavo-128x72.jpg 128w, https:\/\/elinformanteperu.com\/wp-content\/uploads\/2017\/07\/edgar-vivar-chavo-32x18.jpg 32w\" sizes=\"(max-width: 500px) 100vw, 500px\" \/><span style=\"color: #000000;\">Pocos saben que el risue\u00f1o Edgar, durante su permanencia en Televisa, carg\u00f3 siempre con una c\u00e1mara Super 8, aquellas que solo grababan por rollo apenas cuatro minutos. Aunque son solo momentos, hoy el actor suma sus recuerdos en esos fragmentos que se traduce en vivencias y que los mostrar\u00e1 en esta etapa de trabajo.<\/span><\/p>\n<p><span style=\"color: #000000;\">\u201cTengo cosas de Lima. De nuestra primera llegada, de Machu Picchu y cuando fuimos a Iquitos. Tambi\u00e9n algunas partes de nuestro viaje a Colombia y del programa que grab\u00f3 la vecindad en Acapulco. Para m\u00ed, tienen un valor especial. Filmaba los ensayos y as\u00ed captur\u00e9 momentos hermosos\u201d, recuerda.<\/span><\/p>\n<p><strong><span style=\"color: #000000;\">\u2013Cu\u00e1ntas an\u00e9cdotas&#8230;<\/span><\/strong><\/p>\n<p><span style=\"color: #000000;\">\u2013En 25 a\u00f1os pasaron muchas cosas. Por ejemplo, Roberto G\u00f3mez Bola\u00f1os qued\u00f3 seriamente da\u00f1ado de un ojo en un cap\u00edtulo del Chapul\u00edn Colorado y la cortadura qued\u00f3 ah\u00ed, hasta el d\u00eda de su muerte. Otras m\u00e1s graciosas, como aquella en que Florinda Meza reemplaz\u00f3 a Angelines Fern\u00e1ndez en la escena en que el personaje deb\u00eda lanzarse a la piscina. Enfocan los pies de Florinda, que eran muy peque\u00f1itos en comparaci\u00f3n con los de Angelines, que eran muy grandes, pese a que era una mujer peque\u00f1a.<\/span><\/p>\n<p><strong><span style=\"color: #000000;\">\u2013Adem\u00e1s, de todos los golpes que recib\u00eda el Se\u00f1or Barriga&#8230;<\/span><\/strong><\/p>\n<p><span style=\"color: #000000;\">\u2013Mis ca\u00eddas nunca fueron dobladas y la ropa que se ech\u00f3 a perder tambi\u00e9n era m\u00eda. En la pel\u00edcula El Chanfle, en la escena de una ca\u00edda, me romp\u00ed el codo por repetirla cinco veces para que al final en la pel\u00edcula quedara la primera toma que hicimos.<\/span><\/p>\n<p><strong><span style=\"color: #000000;\">\u2013Y ya son 15 veces en el Per\u00fa, \u00bfqu\u00e9 es lo que m\u00e1s le gusta de este pa\u00eds?<\/span><\/strong><\/p>\n<p><span style=\"color: #000000;\">\u2013S\u00ed, me gusta mucho y es dif\u00edcil decir qu\u00e9 es lo que me gusta. Conozco Costa, Sierra y Selva. M\u00e1s f\u00e1cil ser\u00eda lo que no me gusta, y es c\u00f3mo se maneja, casi tan parecido a M\u00e9xico, donde tambi\u00e9n se maneja muy mal; pero hay algo que destacar en el Per\u00fa, es su capacidad para demostrar afecto. Me sobrepasa, la gente es muy cari\u00f1osa. Puedo ser, creo, m\u00e1s perceptivo, pero no tan expresivo.<\/span><\/p>\n<p><strong><span style=\"color: #000000;\">-Y qu\u00e9 sensaci\u00f3n le queda que en esta visita su amigo Ricky Tosso no est\u00e9 ya con nosotros<\/span><\/strong><\/p>\n<p><span style=\"color: #000000;\">-No puedo creer que no est\u00e9 Ricky. Yo ya vine para el estreno de otra pel\u00edcula y tuve la oportunidad de ir a visitarlo al lugar donde ahora est\u00e1, pero no me acostumbro. Cuando ven\u00eda le hablaba por tel\u00e9fono y nos junt\u00e1bamos a comer. Ambos ten\u00edamos el gusto por la buena comida, \u00e9l era un excelente cocinero. En el tiempo que hicimos En el parque siempre cocinaba algo para m\u00ed cada noche, siempre algo distinto.<\/span><\/p>\n<p><strong><span style=\"color: #000000;\">-Y hablaban de la muerte<\/span><\/strong><\/p>\n<p><span style=\"color: #000000;\">S\u00ed. Cuando me confes\u00f3 de la enfermedad le dije yo he estado cuatro veces en terapia intensiva y ya pague por adelantado. Yo no me hago expectativas a largo plazo y \u00e9l me dijo que tampoco. Y as\u00ed disfrut\u00e1bamos much\u00edsimo. Quien dir\u00eda que iba a ser a \u00faltima vez, pero bueno la vida es as\u00ed.<\/span><\/p>\n<p><img decoding=\"async\" class=\"aligncenter size-full wp-image-13520\" src=\"http:\/\/elinformanteperu.com\/wp-content\/uploads\/2017\/07\/edgar-vivar-barriga.jpg\" alt=\"\" width=\"500\" height=\"317\" srcset=\"https:\/\/elinformanteperu.com\/wp-content\/uploads\/2017\/07\/edgar-vivar-barriga.jpg 500w, https:\/\/elinformanteperu.com\/wp-content\/uploads\/2017\/07\/edgar-vivar-barriga-300x190.jpg 300w, https:\/\/elinformanteperu.com\/wp-content\/uploads\/2017\/07\/edgar-vivar-barriga-128x81.jpg 128w, https:\/\/elinformanteperu.com\/wp-content\/uploads\/2017\/07\/edgar-vivar-barriga-32x20.jpg 32w\" sizes=\"(max-width: 500px) 100vw, 500px\" \/><\/p>\n","protected":false},"excerpt":{"rendered":"<p>Edgar Vivar o el Se\u00f1or Barriga, \u00d1o\u00f1o o El Botija est\u00e1 una vez m\u00e1s en Lima, una ciudad que siempre permanece en el recuerdo de este querido artista. Lima, 24 Julio 2017, (ANDINA).- Edgar Vivar o el Se\u00f1or Barriga, \u00d1o\u00f1o o El Botija est\u00e1 una vez m\u00e1s en Lima, una ciudad que siempre permanece en [&hellip;]<\/p>\n","protected":false},"author":1,"featured_media":13518,"comment_status":"open","ping_status":"open","sticky":false,"template":"","format":"standard","meta":{"rop_custom_images_group":[],"rop_custom_messages_group":[],"rop_publish_now":"initial","rop_publish_now_accounts":[],"rop_publish_now_history":[],"rop_publish_now_status":"pending","footnotes":""},"categories":[70],"tags":[662],"class_list":["post-13517","post","type-post","status-publish","format-standard","has-post-thumbnail","hentry","category-farandula","tag-edgar-vivar"],"_links":{"self":[{"href":"https:\/\/elinformanteperu.com\/index.php\/wp-json\/wp\/v2\/posts\/13517","targetHints":{"allow":["GET"]}}],"collection":[{"href":"https:\/\/elinformanteperu.com\/index.php\/wp-json\/wp\/v2\/posts"}],"about":[{"href":"https:\/\/elinformanteperu.com\/index.php\/wp-json\/wp\/v2\/types\/post"}],"author":[{"embeddable":true,"href":"https:\/\/elinformanteperu.com\/index.php\/wp-json\/wp\/v2\/users\/1"}],"replies":[{"embeddable":true,"href":"https:\/\/elinformanteperu.com\/index.php\/wp-json\/wp\/v2\/comments?post=13517"}],"version-history":[{"count":1,"href":"https:\/\/elinformanteperu.com\/index.php\/wp-json\/wp\/v2\/posts\/13517\/revisions"}],"predecessor-version":[{"id":13521,"href":"https:\/\/elinformanteperu.com\/index.php\/wp-json\/wp\/v2\/posts\/13517\/revisions\/13521"}],"wp:featuredmedia":[{"embeddable":true,"href":"https:\/\/elinformanteperu.com\/index.php\/wp-json\/wp\/v2\/media\/13518"}],"wp:attachment":[{"href":"https:\/\/elinformanteperu.com\/index.php\/wp-json\/wp\/v2\/media?parent=13517"}],"wp:term":[{"taxonomy":"category","embeddable":true,"href":"https:\/\/elinformanteperu.com\/index.php\/wp-json\/wp\/v2\/categories?post=13517"},{"taxonomy":"post_tag","embeddable":true,"href":"https:\/\/elinformanteperu.com\/index.php\/wp-json\/wp\/v2\/tags?post=13517"}],"curies":[{"name":"wp","href":"https:\/\/api.w.org\/{rel}","templated":true}]}}