{"id":13514,"date":"2017-07-24T23:47:58","date_gmt":"2017-07-25T04:47:58","guid":{"rendered":"http:\/\/elinformanteperu.com\/?p=13514"},"modified":"2017-07-24T23:47:58","modified_gmt":"2017-07-25T04:47:58","slug":"carlos-vives-confirma-su-visita-al-peru","status":"publish","type":"post","link":"https:\/\/elinformanteperu.com\/index.php\/2017\/07\/24\/carlos-vives-confirma-su-visita-al-peru\/","title":{"rendered":"Carlos Vives: Confirma su visita al Per\u00fa"},"content":{"rendered":"<p><strong><span style=\"color: #000000;\">El cantante colombiano Carlos Vives confirm\u00f3 su visita al Per\u00fa para sostener una puesta musical junto al boricua Marc Anthony.<\/span><\/strong><\/p>\n<p><span style=\"color: #000000;\"><strong>Lima, 24 Julio 2017, (ANDINA).-<\/strong> El cantante colombiano Carlos Vives confirm\u00f3 su visita al Per\u00fa para sostener una puesta musical junto al boricua Marc Anthony.<\/span><\/p>\n<p><span style=\"color: #000000;\">El int\u00e9rprete de temas como \u201cD\u00e9jame entrar\u00a8, \u00a8Volv\u00ed a nacer\u00a8, \u00a8Nota de amor\u00a8, \u00a8La bicicleta\u00a8, \u00a8La tierra del olvido\u00a8 no dud\u00f3 en enviar un video donde confirma su presencia en el Per\u00fa.<\/span><\/p>\n<p><span style=\"color: #000000;\">\u00abHola amigos del Per\u00fa, de Lima, soy Carlos Vives y bueno, nos vemos el 12 de agosto en el Estadio Nacional la vamos a pasar&#8230; \u201d, finaliza el cantante haciendo se\u00f1as con los dedos arriba como forma de expresar que se vivir\u00e1 una fiesta.<\/span><\/p>\n<p><span style=\"color: #000000;\">El evento en que ambos artistas coincidir\u00e1n se llama Unido2, debido a que los reunir\u00e1 a ambas sobre un mismo escenario.<\/span><\/p>\n<p><span style=\"color: #000000;\">Junto a los artistas internacionales se ha previsto la participaci\u00f3n de las orquestas nacionales Son Tentaci\u00f3n y la Gran Orquesta Internacional como previas al show.<\/span><\/p>\n<p><span style=\"color: #000000;\">Las entradas ya est\u00e1n disponibles en los puntos de venta de Tu Entrada o de manera digital en <strong>www.tuentrada.com.pe<\/strong><\/span><\/p>\n<p><iframe src=\"https:\/\/www.youtube.com\/embed\/XMzLbGsyzOQ\" width=\"560\" height=\"315\" frameborder=\"0\" allowfullscreen=\"allowfullscreen\"><\/iframe><\/p>\n","protected":false},"excerpt":{"rendered":"<p>El cantante colombiano Carlos Vives confirm\u00f3 su visita al Per\u00fa para sostener una puesta musical junto al boricua Marc Anthony. Lima, 24 Julio 2017, (ANDINA).- El cantante colombiano Carlos Vives confirm\u00f3 su visita al Per\u00fa para sostener una puesta musical junto al boricua Marc Anthony. El int\u00e9rprete de temas como \u201cD\u00e9jame entrar\u00a8, \u00a8Volv\u00ed a nacer\u00a8, [&hellip;]<\/p>\n","protected":false},"author":1,"featured_media":13515,"comment_status":"open","ping_status":"open","sticky":false,"template":"","format":"standard","meta":{"rop_custom_images_group":[],"rop_custom_messages_group":[],"rop_publish_now":"initial","rop_publish_now_accounts":[],"rop_publish_now_history":[],"rop_publish_now_status":"pending","footnotes":""},"categories":[69],"tags":[221,1947],"class_list":["post-13514","post","type-post","status-publish","format-standard","has-post-thumbnail","hentry","category-musica","tag-carlos-vives","tag-marc-anthony"],"_links":{"self":[{"href":"https:\/\/elinformanteperu.com\/index.php\/wp-json\/wp\/v2\/posts\/13514","targetHints":{"allow":["GET"]}}],"collection":[{"href":"https:\/\/elinformanteperu.com\/index.php\/wp-json\/wp\/v2\/posts"}],"about":[{"href":"https:\/\/elinformanteperu.com\/index.php\/wp-json\/wp\/v2\/types\/post"}],"author":[{"embeddable":true,"href":"https:\/\/elinformanteperu.com\/index.php\/wp-json\/wp\/v2\/users\/1"}],"replies":[{"embeddable":true,"href":"https:\/\/elinformanteperu.com\/index.php\/wp-json\/wp\/v2\/comments?post=13514"}],"version-history":[{"count":1,"href":"https:\/\/elinformanteperu.com\/index.php\/wp-json\/wp\/v2\/posts\/13514\/revisions"}],"predecessor-version":[{"id":13516,"href":"https:\/\/elinformanteperu.com\/index.php\/wp-json\/wp\/v2\/posts\/13514\/revisions\/13516"}],"wp:featuredmedia":[{"embeddable":true,"href":"https:\/\/elinformanteperu.com\/index.php\/wp-json\/wp\/v2\/media\/13515"}],"wp:attachment":[{"href":"https:\/\/elinformanteperu.com\/index.php\/wp-json\/wp\/v2\/media?parent=13514"}],"wp:term":[{"taxonomy":"category","embeddable":true,"href":"https:\/\/elinformanteperu.com\/index.php\/wp-json\/wp\/v2\/categories?post=13514"},{"taxonomy":"post_tag","embeddable":true,"href":"https:\/\/elinformanteperu.com\/index.php\/wp-json\/wp\/v2\/tags?post=13514"}],"curies":[{"name":"wp","href":"https:\/\/api.w.org\/{rel}","templated":true}]}}