{"id":135096,"date":"2025-02-11T23:28:08","date_gmt":"2025-02-12T04:28:08","guid":{"rendered":"https:\/\/elinformanteperu.com\/?p=135096"},"modified":"2025-02-11T23:28:08","modified_gmt":"2025-02-12T04:28:08","slug":"la-libertad-hallan-sin-vida-a-hombre-que-cayo-a-afluente-del-rio-maranon-en-ucuncha","status":"publish","type":"post","link":"https:\/\/elinformanteperu.com\/index.php\/2025\/02\/11\/la-libertad-hallan-sin-vida-a-hombre-que-cayo-a-afluente-del-rio-maranon-en-ucuncha\/","title":{"rendered":"La Libertad: hallan sin vida a hombre que cay\u00f3 a afluente del r\u00edo Mara\u00f1\u00f3n en Ucuncha"},"content":{"rendered":"<p><strong><span style=\"color: #000000;\">Huaico por las lluvias intensas afect\u00f3 500 metros de la v\u00eda que une caser\u00edo de Ingenio con el distrito de Ucuncha<\/span><\/strong><\/p>\n<p><span style=\"color: #000000;\"><strong>La Libertad, 11 de febrero 2025, (ANDINA).-<\/strong> Tras varias horas de b\u00fasqueda, brigadas de rescate hallaron sin vida a un hombre de 75 a\u00f1os de edad, que anoche cay\u00f3 a un afluente del r\u00edo Mara\u00f1\u00f3n, en el caser\u00edo de Yalen, distrito de Ucuncha, provincia de Bol\u00edvar, en la regi\u00f3n La Libertad.<\/span><\/p>\n<p><span style=\"color: #000000;\">As\u00ed lo inform\u00f3 el Centro de Operaciones de Emergencia Regional (COER) La Libertad, que precis\u00f3 que el cad\u00e1ver fue hallado a las 14:00 horas, por los equipos de b\u00fasqueda y rescate conformados por la poblaci\u00f3n local, familiares de la v\u00edctima, personal de la comuna de Ucuncha y la Polic\u00eda Nacional del Per\u00fa.<\/span><\/p>\n<p><span style=\"color: #000000;\">La entidad tambi\u00e9n indic\u00f3 que la ca\u00edda de esta persona al r\u00edo es una de las consecuencias de las lluvias intensas, que han ocasionado el incremento del caudal de los r\u00edos en la sierra de la regi\u00f3n La Libertad.<\/span><\/p>\n<p><strong><span style=\"color: #000000;\">Deslizamiento<\/span><\/strong><\/p>\n<p><span style=\"color: #000000;\">El COER La Libertad inform\u00f3 tambi\u00e9n que un deslizamiento de lodo y piedras afect\u00f3 unos 500 metros de la v\u00eda que une el caser\u00edo de Ingenio con el distrito de Ucuncha, tambi\u00e9n en la provincia de Bol\u00edvar.<\/span><\/p>\n<p><span style=\"color: #000000;\">La comuna local ha desplegado los equipos necesarios para poder hacer una evaluaci\u00f3n real de los da\u00f1os, y disponer tambi\u00e9n de la maquinaria pesada para iniciar con la limpieza y rehabilitaci\u00f3n del lugar.<\/span><\/p>\n<p><a href=\"https:\/\/elinformanteperu.com\/wp-content\/uploads\/2025\/02\/la-libertad-deslizamiento.jpg\"><img fetchpriority=\"high\" decoding=\"async\" class=\"wp-image-135097 aligncenter\" src=\"https:\/\/elinformanteperu.com\/wp-content\/uploads\/2025\/02\/la-libertad-deslizamiento.jpg\" alt=\"\" width=\"416\" height=\"278\" srcset=\"https:\/\/elinformanteperu.com\/wp-content\/uploads\/2025\/02\/la-libertad-deslizamiento.jpg 500w, https:\/\/elinformanteperu.com\/wp-content\/uploads\/2025\/02\/la-libertad-deslizamiento-300x200.jpg 300w\" sizes=\"(max-width: 416px) 100vw, 416px\" \/><\/a><\/p>\n","protected":false},"excerpt":{"rendered":"<p>Huaico por las lluvias intensas afect\u00f3 500 metros de la v\u00eda que une caser\u00edo de Ingenio con el distrito de Ucuncha La Libertad, 11 de febrero 2025, (ANDINA).- Tras varias horas de b\u00fasqueda, brigadas de rescate hallaron sin vida a un hombre de 75 a\u00f1os de edad, que anoche cay\u00f3 a un afluente del r\u00edo [&hellip;]<\/p>\n","protected":false},"author":1,"featured_media":135098,"comment_status":"closed","ping_status":"closed","sticky":false,"template":"","format":"standard","meta":{"rop_custom_images_group":[],"rop_custom_messages_group":[],"rop_publish_now":"initial","rop_publish_now_accounts":[],"rop_publish_now_history":[],"rop_publish_now_status":"pending","footnotes":""},"categories":[10],"tags":[1057,4270],"class_list":["post-135096","post","type-post","status-publish","format-standard","has-post-thumbnail","hentry","category-actualidad-municipal","tag-coer","tag-la-libertad"],"_links":{"self":[{"href":"https:\/\/elinformanteperu.com\/index.php\/wp-json\/wp\/v2\/posts\/135096","targetHints":{"allow":["GET"]}}],"collection":[{"href":"https:\/\/elinformanteperu.com\/index.php\/wp-json\/wp\/v2\/posts"}],"about":[{"href":"https:\/\/elinformanteperu.com\/index.php\/wp-json\/wp\/v2\/types\/post"}],"author":[{"embeddable":true,"href":"https:\/\/elinformanteperu.com\/index.php\/wp-json\/wp\/v2\/users\/1"}],"replies":[{"embeddable":true,"href":"https:\/\/elinformanteperu.com\/index.php\/wp-json\/wp\/v2\/comments?post=135096"}],"version-history":[{"count":1,"href":"https:\/\/elinformanteperu.com\/index.php\/wp-json\/wp\/v2\/posts\/135096\/revisions"}],"predecessor-version":[{"id":135099,"href":"https:\/\/elinformanteperu.com\/index.php\/wp-json\/wp\/v2\/posts\/135096\/revisions\/135099"}],"wp:featuredmedia":[{"embeddable":true,"href":"https:\/\/elinformanteperu.com\/index.php\/wp-json\/wp\/v2\/media\/135098"}],"wp:attachment":[{"href":"https:\/\/elinformanteperu.com\/index.php\/wp-json\/wp\/v2\/media?parent=135096"}],"wp:term":[{"taxonomy":"category","embeddable":true,"href":"https:\/\/elinformanteperu.com\/index.php\/wp-json\/wp\/v2\/categories?post=135096"},{"taxonomy":"post_tag","embeddable":true,"href":"https:\/\/elinformanteperu.com\/index.php\/wp-json\/wp\/v2\/tags?post=135096"}],"curies":[{"name":"wp","href":"https:\/\/api.w.org\/{rel}","templated":true}]}}