{"id":135036,"date":"2025-02-11T02:49:18","date_gmt":"2025-02-11T07:49:18","guid":{"rendered":"https:\/\/elinformanteperu.com\/?p=135036"},"modified":"2025-02-11T02:49:18","modified_gmt":"2025-02-11T07:49:18","slug":"callao-reabren-seis-cuadras-interferidas-por-obras-de-la-linea-2-del-metro","status":"publish","type":"post","link":"https:\/\/elinformanteperu.com\/index.php\/2025\/02\/11\/callao-reabren-seis-cuadras-interferidas-por-obras-de-la-linea-2-del-metro\/","title":{"rendered":"Callao: Reabren seis cuadras interferidas por obras de la L\u00ednea 2 del Metro"},"content":{"rendered":"<p><strong><span style=\"color: #000000;\">La empresa concesionaria restableci\u00f3 el tr\u00e1nsito peatonal y de veh\u00edculos en las avenidas Guardia Chalaca y \u00d3scar R. Benavides, donde se construyen dos estaciones.<\/span><\/strong><\/p>\n<p><span style=\"color: #000000;\"><strong>Callao, 10 de febrero 2025, (El Informante Per\u00fa).-<\/strong> En coordinaci\u00f3n con la Municipalidad Provincial del Callao, la Autoridad de Transporte Urbano para Lima y Callao (ATU), entidad adscrita al Ministerio de Transportes y Comunicaciones (MTC), inform\u00f3 que seis cuadras de las avenidas Guardia Chalaca y \u00d3scar R. Benavides, en el Callao, interferidas por la construcci\u00f3n de dos estaciones de la L\u00ednea 2 del Metro, fueron reabiertas al tr\u00e1nsito vehicular y peatonal por el concesionario de este megaproyecto de transporte masivo.<\/span><\/p>\n<p><span style=\"color: #000000;\">La entidad se\u00f1al\u00f3 que en el caso de la av. Guardia Chalaca, la Sociedad Concesionaria Metro de Lima L\u00ednea 2 S. A., empresa responsable del dise\u00f1o y construcci\u00f3n de este moderno sistema de transporte, reabri\u00f3 un tramo de tres cuadras, entre la plaza Garibaldi y el jir\u00f3n Cusco, en ambos sentidos, donde se construye la estaci\u00f3n Puerto del Callao (E-01). Adem\u00e1s, en la av. \u00d3scar R. Benavides, se reabri\u00f3 otro tramo de tres cuadras entre las calles 3 y Arica, tambi\u00e9n en ambos sentidos, donde se est\u00e1 construyendo la estaci\u00f3n Buenos Aires (E-02).<\/span><\/p>\n<p><span style=\"color: #000000;\">En esta zona del Callao, personal de fiscalizaci\u00f3n de la ATU apoy\u00f3 a los agentes de la Polic\u00eda Nacional en el orden y agilizaci\u00f3n de los veh\u00edculos de transporte p\u00fablico y privado.<\/span><\/p>\n<p><span style=\"color: #000000;\">La reapertura de estas seis cuadras de v\u00edas se suma a otras cinco cuadras reabiertas la \u00faltima semana de enero en avenidas de los distritos de San Luis, La Victoria, El Agustino y Ate.<\/span><\/p>\n<p><a href=\"https:\/\/elinformanteperu.com\/wp-content\/uploads\/2025\/02\/atu-y-muni-callao-reapertura-avenidas.jpg\"><img fetchpriority=\"high\" decoding=\"async\" class=\"size-full wp-image-135038 aligncenter\" src=\"https:\/\/elinformanteperu.com\/wp-content\/uploads\/2025\/02\/atu-y-muni-callao-reapertura-avenidas.jpg\" alt=\"\" width=\"660\" height=\"390\" srcset=\"https:\/\/elinformanteperu.com\/wp-content\/uploads\/2025\/02\/atu-y-muni-callao-reapertura-avenidas.jpg 660w, https:\/\/elinformanteperu.com\/wp-content\/uploads\/2025\/02\/atu-y-muni-callao-reapertura-avenidas-300x177.jpg 300w\" sizes=\"(max-width: 660px) 100vw, 660px\" \/><\/a><span style=\"color: #000000;\">La primera reapertura se realiz\u00f3 en la av. 28 de Julio, en el tramo comprendido entre la av. San Pablo y el pasaje Jorge Ch\u00e1vez, en el distrito de La Victoria, en el sentido de oeste a este, con direcci\u00f3n a San Luis. En este lugar se construy\u00f3 el pozo de ventilaci\u00f3n PV-16.<\/span><\/p>\n<p><span style=\"color: #000000;\">Otros dos tramos se reabrieron en la av. Nicol\u00e1s Ayll\u00f3n, entre la calle Faros y el pasaje Marsano (El Agustino), en el sentido este a oeste (con direcci\u00f3n al Cercado de Lima), y entre la av. Los Rosales y la calle Claveles (a dos cuadras de la av. Nicol\u00e1s Arriola, en el distrito de San Luis), en ambos sentidos. En estas zonas se construyeron los pozos de ventilaci\u00f3n PV-17 y PV-18.<\/span><\/p>\n<p><span style=\"color: #000000;\">Es importante destacar que las obras civiles de los pozos de ventilaci\u00f3n PV-16, PV-17 y PV-18 han concluido, mientras que las obras civiles de las estaciones Puerto del Callao (E-01) y Buenos Aires (E-02) tienen un avance del 99%.<\/span><\/p>\n<p><span style=\"color: #000000;\">Por otro lado, un tramo de la pista auxiliar de la av. Nicol\u00e1s Ayll\u00f3n, en el per\u00edmetro de la Plaza de Armas de Ate, tambi\u00e9n ha sido reabierto al tr\u00e1nsito peatonal y vehicular. Aqu\u00ed se encuentra la estaci\u00f3n Municipalidad de Ate (E-27), cuyas obras civiles tambi\u00e9n han sido concluidas.<\/span><\/p>\n<p><span style=\"color: #000000;\">La reapertura de estas v\u00edas significa un beneficio no solo para conductores y usuarios de los veh\u00edculos de transporte p\u00fablico y privado, sino tambi\u00e9n para los vecinos, peatones y comerciantes de la zona.<\/span><\/p>\n<p><span style=\"color: #000000;\">La L\u00ednea 2 y el ramal de la L\u00ednea 4 del Metro de Lima y Callao contar\u00e1n con 35 estaciones de pasajeros, as\u00ed como con 37 pozos de ventilaci\u00f3n. Gracias a este moderno sistema de transporte p\u00fablico, trasladarse desde Ate (municipalidad) hasta el Callao (puerto) tomar\u00e1 un tiempo estimado de 45 minutos, recorrido que, en la actualidad, con el uso de transporte p\u00fablico convencional se realiza en m\u00e1s 2 horas y 30 minutos.<\/span><\/p>\n<p><a href=\"https:\/\/elinformanteperu.com\/wp-content\/uploads\/2025\/02\/atu-y-muni-callao-reapertura-avenidas2.jpg\"><img decoding=\"async\" class=\"size-full wp-image-135039 aligncenter\" src=\"https:\/\/elinformanteperu.com\/wp-content\/uploads\/2025\/02\/atu-y-muni-callao-reapertura-avenidas2.jpg\" alt=\"\" width=\"660\" height=\"390\" srcset=\"https:\/\/elinformanteperu.com\/wp-content\/uploads\/2025\/02\/atu-y-muni-callao-reapertura-avenidas2.jpg 660w, https:\/\/elinformanteperu.com\/wp-content\/uploads\/2025\/02\/atu-y-muni-callao-reapertura-avenidas2-300x177.jpg 300w\" sizes=\"(max-width: 660px) 100vw, 660px\" \/><\/a><\/p>\n","protected":false},"excerpt":{"rendered":"<p>La empresa concesionaria restableci\u00f3 el tr\u00e1nsito peatonal y de veh\u00edculos en las avenidas Guardia Chalaca y \u00d3scar R. Benavides, donde se construyen dos estaciones. Callao, 10 de febrero 2025, (El Informante Per\u00fa).- En coordinaci\u00f3n con la Municipalidad Provincial del Callao, la Autoridad de Transporte Urbano para Lima y Callao (ATU), entidad adscrita al Ministerio de [&hellip;]<\/p>\n","protected":false},"author":1,"featured_media":135037,"comment_status":"closed","ping_status":"closed","sticky":false,"template":"","format":"standard","meta":{"rop_custom_images_group":[],"rop_custom_messages_group":[],"rop_publish_now":"initial","rop_publish_now_accounts":[],"rop_publish_now_history":[],"rop_publish_now_status":"pending","footnotes":""},"categories":[10],"tags":[5422,4559,535,437],"class_list":["post-135036","post","type-post","status-publish","format-standard","has-post-thumbnail","hentry","category-actualidad-municipal","tag-atu","tag-autoridad-de-transporte-urbano","tag-callao","tag-municipalidad-del-callao"],"_links":{"self":[{"href":"https:\/\/elinformanteperu.com\/index.php\/wp-json\/wp\/v2\/posts\/135036","targetHints":{"allow":["GET"]}}],"collection":[{"href":"https:\/\/elinformanteperu.com\/index.php\/wp-json\/wp\/v2\/posts"}],"about":[{"href":"https:\/\/elinformanteperu.com\/index.php\/wp-json\/wp\/v2\/types\/post"}],"author":[{"embeddable":true,"href":"https:\/\/elinformanteperu.com\/index.php\/wp-json\/wp\/v2\/users\/1"}],"replies":[{"embeddable":true,"href":"https:\/\/elinformanteperu.com\/index.php\/wp-json\/wp\/v2\/comments?post=135036"}],"version-history":[{"count":1,"href":"https:\/\/elinformanteperu.com\/index.php\/wp-json\/wp\/v2\/posts\/135036\/revisions"}],"predecessor-version":[{"id":135040,"href":"https:\/\/elinformanteperu.com\/index.php\/wp-json\/wp\/v2\/posts\/135036\/revisions\/135040"}],"wp:featuredmedia":[{"embeddable":true,"href":"https:\/\/elinformanteperu.com\/index.php\/wp-json\/wp\/v2\/media\/135037"}],"wp:attachment":[{"href":"https:\/\/elinformanteperu.com\/index.php\/wp-json\/wp\/v2\/media?parent=135036"}],"wp:term":[{"taxonomy":"category","embeddable":true,"href":"https:\/\/elinformanteperu.com\/index.php\/wp-json\/wp\/v2\/categories?post=135036"},{"taxonomy":"post_tag","embeddable":true,"href":"https:\/\/elinformanteperu.com\/index.php\/wp-json\/wp\/v2\/tags?post=135036"}],"curies":[{"name":"wp","href":"https:\/\/api.w.org\/{rel}","templated":true}]}}