{"id":13501,"date":"2017-07-24T22:55:01","date_gmt":"2017-07-25T03:55:01","guid":{"rendered":"http:\/\/elinformanteperu.com\/?p=13501"},"modified":"2017-07-24T23:14:13","modified_gmt":"2017-07-25T04:14:13","slug":"el-icpna-promueve-literatura-infantil-en-la-22a-feria-internacional-del-libro-de-lima-fil-lima-2017","status":"publish","type":"post","link":"https:\/\/elinformanteperu.com\/index.php\/2017\/07\/24\/el-icpna-promueve-literatura-infantil-en-la-22a-feria-internacional-del-libro-de-lima-fil-lima-2017\/","title":{"rendered":"El ICPNA promueve literatura infantil en la 22\u00aa Feria Internacional del Libro de Lima (FIL-Lima 2017)"},"content":{"rendered":"<p><strong><span style=\"color: #000000;\">M\u00e1s de 70 t\u00edtulos publicados por el Instituto Cultural Peruano Norteamericano estar\u00e1n en la 22\u00aa Feria Internacional del Libro.<\/span><\/strong><\/p>\n<p><span style=\"color: #000000;\"><strong>Lima, 24 Julio 2017, (El Informante Per\u00fa).-<\/strong> M\u00e1s de 70 t\u00edtulos publicados por el Instituto Cultural Peruano Norteamericano estar\u00e1n en la 22\u00aa Feria Internacional del Libro organizado por la C\u00e1mara Peruana del Libro que se realizar\u00e1 del 21 de julio al 6 de agosto en el Parque de los Pr\u00f3ceres, Av. Salaverry cuadra. 17, Jes\u00fas Mar\u00eda. Se presentar\u00e1n, adem\u00e1s, los libros ganadores de las Bienales de Cuento y Poes\u00eda Infantil del ICPNA.<\/span><\/p>\n<p><span style=\"color: #000000;\">Entre los t\u00edtulos que se expondr\u00e1n destacan los libros ilustrados y biling\u00fces de las Bienales de Cuento y Poes\u00eda para ni\u00f1os que organiza la Gerencia de Biblioteca del ICPNA: \u201cLa calle canta\u201d de C\u00e9sar de Mar\u00eda, \u201cJuanito y la laguna azul\u201d de \u00c1ngel Quispe, \u201cAndo, ando, fabulando\u201d de Beatriz Calle, \u201cEl libro de los l\u00e1pices m\u00e1gicos\u201d de Orlando Granda y \u201cEl \u00e1lbum de la abuela Margarita\u201d de Mercedes Sarapura.<\/span><\/p>\n<p><img fetchpriority=\"high\" decoding=\"async\" class=\"aligncenter size-full wp-image-13502\" src=\"http:\/\/elinformanteperu.com\/wp-content\/uploads\/2017\/07\/fil-icpna.jpg\" alt=\"\" width=\"800\" height=\"706\" srcset=\"https:\/\/elinformanteperu.com\/wp-content\/uploads\/2017\/07\/fil-icpna.jpg 800w, https:\/\/elinformanteperu.com\/wp-content\/uploads\/2017\/07\/fil-icpna-300x265.jpg 300w, https:\/\/elinformanteperu.com\/wp-content\/uploads\/2017\/07\/fil-icpna-768x678.jpg 768w, https:\/\/elinformanteperu.com\/wp-content\/uploads\/2017\/07\/fil-icpna-128x113.jpg 128w, https:\/\/elinformanteperu.com\/wp-content\/uploads\/2017\/07\/fil-icpna-32x28.jpg 32w\" sizes=\"(max-width: 800px) 100vw, 800px\" \/><span style=\"color: #000000;\">Los cat\u00e1logos est\u00e1n divididos en cuatro series: retrospectiva, fotogr\u00e1fica, arte popular e hist\u00f3rica\/investigaci\u00f3n. Entre ellos, sobresalen las publicaciones de las exposiciones dedicadas a retrospectivas que contienen el registro fotogr\u00e1fico de las muestras de arte producidas en el ICPNA, y un ensayo sobre la obra de nuestros m\u00e1s representativos artistas.<\/span><\/p>\n<p><span style=\"color: #000000;\">Estas series contribuyen con la documentaci\u00f3n de su producci\u00f3n art\u00edstica, desde sus trabajos iniciales hasta las obras que han sido resultado de procesos creativos consolidados. Sobresalen los cat\u00e1logos de David Herskovitz, Enrique Polanco, Jos\u00e9 Tola, Jorge Eduardo Eielson, Johanna Hamann, Juan Acevedo, Sabino Springett o Sonia Prager.<\/span><\/p>\n<p><span style=\"color: #000000;\">A trav\u00e9s de la serie sobre fotograf\u00eda es posible establecer un panorama de la fotograf\u00eda peruana desde mediados del siglo XIX hasta nuestros d\u00edas. Esta cubre g\u00e9neros y estilos fotogr\u00e1ficos diversos: periodismo, documental, art\u00edstica y conceptual. Presenta tanto las producciones individuales de renombrados fot\u00f3grafos nacionales, como investigaciones acerca del g\u00e9nero de fotograf\u00eda hist\u00f3rica: desde Max T. Vargas y Emilio D\u00edaz (figuras fundacionales de la fotograf\u00eda del sur andino peruano), el famoso Estudio Courret Hermanos hasta Fernando La Rosa, Jorge Deustua, Mar\u00eda Cecilia Piazza o Herman Schwarz.<\/span><\/p>\n<p><img decoding=\"async\" class=\"aligncenter size-full wp-image-13504\" src=\"http:\/\/elinformanteperu.com\/wp-content\/uploads\/2017\/07\/fil-icpna-1.jpg\" alt=\"\" width=\"696\" height=\"800\" srcset=\"https:\/\/elinformanteperu.com\/wp-content\/uploads\/2017\/07\/fil-icpna-1.jpg 696w, https:\/\/elinformanteperu.com\/wp-content\/uploads\/2017\/07\/fil-icpna-1-261x300.jpg 261w, https:\/\/elinformanteperu.com\/wp-content\/uploads\/2017\/07\/fil-icpna-1-111x128.jpg 111w, https:\/\/elinformanteperu.com\/wp-content\/uploads\/2017\/07\/fil-icpna-1-28x32.jpg 28w\" sizes=\"(max-width: 696px) 100vw, 696px\" \/><span style=\"color: #000000;\">La serie hist\u00f3rica\/investigaci\u00f3n documenta exhaustivas investigaciones realizadas en archivos p\u00fablicos y privados sobre temas de arte peruano, que van desde el c\u00f3mic, pasando por arquitectura, arqueolog\u00eda, hasta el conceptualismo. Cada volumen es una contribuci\u00f3n a la investigaci\u00f3n sobre la historia del arte de nuestro pa\u00eds.<\/span><\/p>\n<p><span style=\"color: #000000;\">Las novedades para esta feria son los libros \u201cRedescubriendo a El\u00edas del \u00c1guila: retrato fotogr\u00e1fico y clase media en Lima despu\u00e9s de 1900\u201d, \u201cLas edades de la piedra. Silvia Westphalen\u201d, \u201cNadie sale vivo de aqu\u00ed: Herbert Rodr\u00edguez 1979-2016\u201d y \u201cArte moderno peruano en la colecci\u00f3n Barreda\u201d.<\/span><\/p>\n<p><span style=\"color: #000000;\">El proyecto editorial del ICPNA es uno de los m\u00e1s importantes esfuerzos por investigar y difundir las artes visuales en su multiplicidad y riqueza mediante cat\u00e1logos documentados de los m\u00e1s destacados creadores en pintura, escultura, fotograf\u00eda o historieta y m\u00e1s; as\u00ed como la difusi\u00f3n del libro y la lectura a trav\u00e9s de sus libros ilustrados y biling\u00fces de cuento y poes\u00eda para ni\u00f1os.<\/span><\/p>\n<p><strong><span style=\"color: #000000;\">Presentaciones de libros<\/span><\/strong><\/p>\n<p><img decoding=\"async\" class=\"aligncenter wp-image-13505\" src=\"http:\/\/elinformanteperu.com\/wp-content\/uploads\/2017\/07\/fil-icpna2.jpg\" alt=\"\" width=\"347\" height=\"445\" srcset=\"https:\/\/elinformanteperu.com\/wp-content\/uploads\/2017\/07\/fil-icpna2.jpg 623w, https:\/\/elinformanteperu.com\/wp-content\/uploads\/2017\/07\/fil-icpna2-234x300.jpg 234w, https:\/\/elinformanteperu.com\/wp-content\/uploads\/2017\/07\/fil-icpna2-100x128.jpg 100w, https:\/\/elinformanteperu.com\/wp-content\/uploads\/2017\/07\/fil-icpna2-25x32.jpg 25w\" sizes=\"(max-width: 347px) 100vw, 347px\" \/><span style=\"color: #000000;\">El viernes 4 de agosto se presentan los libros \u201cCuatrojos\u201d, \u201cA todo pedal\u201d y \u201cEl cancionero del duende\u201d ganadores de la VI Bienal de Cuento Infantil del ICPNA y V Bienal de Poes\u00eda Infantil ICPNA. Participan sus autores: Gloria Portugal, Vicky Canales y Casimiro Ram\u00edrez. Se presenta en la Sala Clorinda Matto de Turner a las 4:00 p.m.<\/span><\/p>\n<p><span style=\"color: #000000;\">El s\u00e1bado 5 se presenta el libro ganador de la VII Bienal de Cuento Infantil ICPNA \u201cEl rinoceronte que quer\u00eda ser unicornio\u201d, participan su autor Juan Manuel Ch\u00e1vez y Manuel Herr\u00e1n, narrador oral, consultor y jurado del concurso. Presentaci\u00f3n en la Sala Clorinda Matto de Turner a las 3:00 p.m.<\/span><\/p>\n<p><strong><span style=\"color: #000000;\">Actividades en la FIL<\/span><\/strong><\/p>\n<p><img loading=\"lazy\" decoding=\"async\" class=\"aligncenter wp-image-13506\" src=\"http:\/\/elinformanteperu.com\/wp-content\/uploads\/2017\/07\/fil-icpna3.jpg\" alt=\"\" width=\"338\" height=\"511\" srcset=\"https:\/\/elinformanteperu.com\/wp-content\/uploads\/2017\/07\/fil-icpna3.jpg 529w, https:\/\/elinformanteperu.com\/wp-content\/uploads\/2017\/07\/fil-icpna3-198x300.jpg 198w, https:\/\/elinformanteperu.com\/wp-content\/uploads\/2017\/07\/fil-icpna3-85x128.jpg 85w, https:\/\/elinformanteperu.com\/wp-content\/uploads\/2017\/07\/fil-icpna3-21x32.jpg 21w\" sizes=\"(max-width: 338px) 100vw, 338px\" \/><\/p>\n<p><span style=\"color: #000000;\"><strong>Fechas:<\/strong> 21 de julio al 6 de agosto<\/span><\/p>\n<p><span style=\"color: #000000;\"><strong>Horario:<\/strong> 11:00 am. &#8211; 9:30 p.m.<\/span><\/p>\n<p><span style=\"color: #000000;\"><strong>Ubicaci\u00f3n:<\/strong> Stand N\u00b0 15<\/span><\/p>\n<p><strong><span style=\"color: #000000;\">Actividades<\/span><\/strong><\/p>\n<p><strong><span style=\"color: #000000;\">Martes 1 de agosto <\/span><\/strong><\/p>\n<p><span style=\"color: #000000;\"><strong>Charla:<\/strong> \u201cLa promoci\u00f3n del h\u00e1bito lector mediante el c\u00f3mic\u201d<\/span><\/p>\n<p><span style=\"color: #000000;\"><strong>Participan:<\/strong> Marvelitas<\/span><\/p>\n<p><span style=\"color: #000000;\"><strong>Hora:<\/strong> 6:00 p.m.<\/span><\/p>\n<p><span style=\"color: #000000;\"><strong>Lugar:<\/strong> Auditorio: C\u00e9sar Vallejo<\/span><\/p>\n<p><strong><span style=\"color: #000000;\">Viernes 4 de agosto<\/span><\/strong><\/p>\n<p><span style=\"color: #000000;\">Presentaci\u00f3n de libros ganadores de la VI Bienal de Cuento Infantil ICPNA y V Bienal de Poes\u00eda Infantil ICPNA<\/span><\/p>\n<p><span style=\"color: #000000;\">Cuatrojos, A todo pedal, El cancionero del duende<\/span><\/p>\n<p><span style=\"color: #000000;\"><strong>Participan:<\/strong> Gloria Portugal, Vicky Canales y Casimiro Ram\u00edrez (autores)<\/span><\/p>\n<p><span style=\"color: #000000;\"><strong>Hora:<\/strong> 4:00 p.m.<\/span><\/p>\n<p><span style=\"color: #000000;\"><strong>Lugar:<\/strong> Sala Clorinda Matto de Turner de la 22 FIL<\/span><\/p>\n<p><strong><span style=\"color: #000000;\">S\u00e1bado 5 de agosto<\/span><\/strong><\/p>\n<p><span style=\"color: #000000;\">Presentaci\u00f3n de libro ganador de la VII Bienal de Cuento Infantil ICPNA<\/span><\/p>\n<p><span style=\"color: #000000;\">El rinoceronte que quer\u00eda ser unicornio<\/span><\/p>\n<p><span style=\"color: #000000;\"><strong>Participan:<\/strong> Juan Manuel Ch\u00e1vez (autor) y Manuel Herr\u00e1n (narrador oral, consultor y jurado del concurso)<\/span><\/p>\n<p><span style=\"color: #000000;\"><strong>Hora:<\/strong> 3:00 p.m.<\/span><\/p>\n<p><span style=\"color: #000000;\"><strong>Lugar:<\/strong> Sala Clorinda Matto de Turner de la 22 FIL.<\/span><\/p>\n","protected":false},"excerpt":{"rendered":"<p>M\u00e1s de 70 t\u00edtulos publicados por el Instituto Cultural Peruano Norteamericano estar\u00e1n en la 22\u00aa Feria Internacional del Libro. Lima, 24 Julio 2017, (El Informante Per\u00fa).- M\u00e1s de 70 t\u00edtulos publicados por el Instituto Cultural Peruano Norteamericano estar\u00e1n en la 22\u00aa Feria Internacional del Libro organizado por la C\u00e1mara Peruana del Libro que se realizar\u00e1 [&hellip;]<\/p>\n","protected":false},"author":1,"featured_media":13503,"comment_status":"open","ping_status":"open","sticky":false,"template":"","format":"standard","meta":{"rop_custom_images_group":[],"rop_custom_messages_group":[],"rop_publish_now":"initial","rop_publish_now_accounts":[],"rop_publish_now_history":[],"rop_publish_now_status":"pending","footnotes":""},"categories":[10],"tags":[1816,1790,1476],"class_list":["post-13501","post","type-post","status-publish","format-standard","has-post-thumbnail","hentry","category-actualidad-municipal","tag-fil-2017","tag-fil-lima-2017","tag-icpna"],"_links":{"self":[{"href":"https:\/\/elinformanteperu.com\/index.php\/wp-json\/wp\/v2\/posts\/13501","targetHints":{"allow":["GET"]}}],"collection":[{"href":"https:\/\/elinformanteperu.com\/index.php\/wp-json\/wp\/v2\/posts"}],"about":[{"href":"https:\/\/elinformanteperu.com\/index.php\/wp-json\/wp\/v2\/types\/post"}],"author":[{"embeddable":true,"href":"https:\/\/elinformanteperu.com\/index.php\/wp-json\/wp\/v2\/users\/1"}],"replies":[{"embeddable":true,"href":"https:\/\/elinformanteperu.com\/index.php\/wp-json\/wp\/v2\/comments?post=13501"}],"version-history":[{"count":1,"href":"https:\/\/elinformanteperu.com\/index.php\/wp-json\/wp\/v2\/posts\/13501\/revisions"}],"predecessor-version":[{"id":13507,"href":"https:\/\/elinformanteperu.com\/index.php\/wp-json\/wp\/v2\/posts\/13501\/revisions\/13507"}],"wp:featuredmedia":[{"embeddable":true,"href":"https:\/\/elinformanteperu.com\/index.php\/wp-json\/wp\/v2\/media\/13503"}],"wp:attachment":[{"href":"https:\/\/elinformanteperu.com\/index.php\/wp-json\/wp\/v2\/media?parent=13501"}],"wp:term":[{"taxonomy":"category","embeddable":true,"href":"https:\/\/elinformanteperu.com\/index.php\/wp-json\/wp\/v2\/categories?post=13501"},{"taxonomy":"post_tag","embeddable":true,"href":"https:\/\/elinformanteperu.com\/index.php\/wp-json\/wp\/v2\/tags?post=13501"}],"curies":[{"name":"wp","href":"https:\/\/api.w.org\/{rel}","templated":true}]}}