{"id":134901,"date":"2025-02-10T00:27:16","date_gmt":"2025-02-10T05:27:16","guid":{"rendered":"https:\/\/elinformanteperu.com\/?p=134901"},"modified":"2025-02-10T00:27:16","modified_gmt":"2025-02-10T05:27:16","slug":"grupo-coril-fue-reconocido-como-empresa-lider-de-facturas-negociables-2024-en-el-segmento-sab-y-safi","status":"publish","type":"post","link":"https:\/\/elinformanteperu.com\/index.php\/2025\/02\/10\/grupo-coril-fue-reconocido-como-empresa-lider-de-facturas-negociables-2024-en-el-segmento-sab-y-safi\/","title":{"rendered":"Grupo Coril fue reconocido como \u00abEmpresa L\u00edder de Facturas Negociables 2024\u00bb en el segmento SAB y SAFI"},"content":{"rendered":"<p><strong><span style=\"color: #000000;\">El evento, organizado por Cavali, ahora filial de nuam, en la Bolsa de Valores de Lima, reuni\u00f3 a los principales actores del ecosistema de facturas negociables en el Per\u00fa.<\/span><\/strong><\/p>\n<p><span style=\"color: #000000;\"><strong>Lima, 9 de febrero 2025, (El Informante Per\u00fa).-<\/strong> En la segunda edici\u00f3n del \u00abReconocimiento y Aporte al Ecosistema de Facturas Negociables 2024\u00bb, Grupo Coril, con m\u00e1s de 30 a\u00f1os de trayectoria en el mercado financiero y de valores, fue distinguido como \u00abEmpresa L\u00edder de Facturas Negociables 2024\u00bb en el segmento Sociedad Agente de Bolsa (SAB) y Sociedad Administradora de Fondos de Inversi\u00f3n (SAFI), lo cual evidencia su rol e impacto positivo en la administraci\u00f3n de facturas negociables, as\u00ed como su contribuci\u00f3n para el crecimiento de la econom\u00eda del pa\u00eds.<\/span><\/p>\n<p><span style=\"color: #000000;\">Este logro, que fue reconocido por Cavali ICLV, el Registro Central de Valores y Liquidaciones del mercado peruano y ahora filial de nuam, en su rol de Registro Centralizado de Facturas Negociables, ratifica el compromiso y desempe\u00f1o de la compa\u00f1\u00eda en este sector, consolid\u00e1ndose como un actor relevante en el crecimiento de este instrumento financiero y que permite a muchas empresas seguir fortaleciendo sus negocios y generando puestos de trabajo.<\/span><\/p>\n<p><span style=\"color: #000000;\">\u201cEste premio destaca nuestro aporte para el desarrollo y crecimiento de la econom\u00eda del pa\u00eds. Asimismo, es testimonio del esfuerzo y compromiso de nuestro equipo, que d\u00eda a d\u00eda trabaja para fortalecer el mercado financiero y generar oportunidades para miles de empresas en el pa\u00eds. Nos sentimos honrados de recibir una nueva distinci\u00f3n, por segundo a\u00f1o consecutivo, y reafirma nuestra misi\u00f3n de impulsar soluciones innovadoras en el mercado financiero\u201d, se\u00f1al\u00f3 Andr\u00e9 Quevedo, gerente general de Grupo Coril Sociedad Agente de Bolsa (SAB).<\/span><\/p>\n<p><a href=\"https:\/\/elinformanteperu.com\/wp-content\/uploads\/2025\/02\/grupo-coril-evento1.jpeg\"><img fetchpriority=\"high\" decoding=\"async\" class=\"wp-image-134903 aligncenter\" src=\"https:\/\/elinformanteperu.com\/wp-content\/uploads\/2025\/02\/grupo-coril-evento1-760x1024.jpeg\" alt=\"\" width=\"361\" height=\"487\" srcset=\"https:\/\/elinformanteperu.com\/wp-content\/uploads\/2025\/02\/grupo-coril-evento1-760x1024.jpeg 760w, https:\/\/elinformanteperu.com\/wp-content\/uploads\/2025\/02\/grupo-coril-evento1-223x300.jpeg 223w, https:\/\/elinformanteperu.com\/wp-content\/uploads\/2025\/02\/grupo-coril-evento1-768x1034.jpeg 768w, https:\/\/elinformanteperu.com\/wp-content\/uploads\/2025\/02\/grupo-coril-evento1-1140x1536.jpeg 1140w, https:\/\/elinformanteperu.com\/wp-content\/uploads\/2025\/02\/grupo-coril-evento1.jpeg 1188w\" sizes=\"(max-width: 361px) 100vw, 361px\" \/><\/a><span style=\"color: #000000;\">Cabe precisar que, en la premiaci\u00f3n del a\u00f1o pasado del \u00abReconocimiento y Aporte al Ecosistema de Facturas Negociables 2023\u00bb, Grupo Coril sum\u00f3 dos distinciones. Logr\u00f3 el \u201cMayor monto negociado de facturas negociables 2023\u201d, en la categor\u00eda SAB y SAFI y el \u201cMayor monto negociado anual 2023\u201d, en la categor\u00eda Factor, otorgado por Puerto X.<\/span><\/p>\n<p><span style=\"color: #000000;\">En la reciente edici\u00f3n de la ceremonia se cont\u00f3 con la participaci\u00f3n de Mercedes Ar\u00e1oz, presidenta del Directorio de Cavali; V\u00edctor S\u00e1nchez, gerente general de Cavali; y el ministro de la Producci\u00f3n, Sergio Gonz\u00e1lez. Asimismo, participaron representantes del Ministerio de Econom\u00eda y Finanzas (MEF), Superintendencia del Mercado de Valores (SMV), Asociaci\u00f3n de Bancos del Per\u00fa (ASBANC), Asociaci\u00f3n Peruana de Factoring (APEFAC), Asociaci\u00f3n Peruana de Productos Financieros (APROFIN), Sociedad Nacional de Industrias (SNI), C\u00e1mara de Comercio de Lima (CCL) y Banco de Desarrollo del Per\u00fa (COFIDE).<\/span><\/p>\n","protected":false},"excerpt":{"rendered":"<p>El evento, organizado por Cavali, ahora filial de nuam, en la Bolsa de Valores de Lima, reuni\u00f3 a los principales actores del ecosistema de facturas negociables en el Per\u00fa. Lima, 9 de febrero 2025, (El Informante Per\u00fa).- En la segunda edici\u00f3n del \u00abReconocimiento y Aporte al Ecosistema de Facturas Negociables 2024\u00bb, Grupo Coril, con m\u00e1s [&hellip;]<\/p>\n","protected":false},"author":1,"featured_media":134902,"comment_status":"closed","ping_status":"closed","sticky":false,"template":"","format":"standard","meta":{"rop_custom_images_group":[],"rop_custom_messages_group":[],"rop_publish_now":"initial","rop_publish_now_accounts":[],"rop_publish_now_history":[],"rop_publish_now_status":"pending","footnotes":""},"categories":[20],"tags":[8059],"class_list":["post-134901","post","type-post","status-publish","format-standard","has-post-thumbnail","hentry","category-eventos","tag-grupo-coril"],"_links":{"self":[{"href":"https:\/\/elinformanteperu.com\/index.php\/wp-json\/wp\/v2\/posts\/134901","targetHints":{"allow":["GET"]}}],"collection":[{"href":"https:\/\/elinformanteperu.com\/index.php\/wp-json\/wp\/v2\/posts"}],"about":[{"href":"https:\/\/elinformanteperu.com\/index.php\/wp-json\/wp\/v2\/types\/post"}],"author":[{"embeddable":true,"href":"https:\/\/elinformanteperu.com\/index.php\/wp-json\/wp\/v2\/users\/1"}],"replies":[{"embeddable":true,"href":"https:\/\/elinformanteperu.com\/index.php\/wp-json\/wp\/v2\/comments?post=134901"}],"version-history":[{"count":1,"href":"https:\/\/elinformanteperu.com\/index.php\/wp-json\/wp\/v2\/posts\/134901\/revisions"}],"predecessor-version":[{"id":134904,"href":"https:\/\/elinformanteperu.com\/index.php\/wp-json\/wp\/v2\/posts\/134901\/revisions\/134904"}],"wp:featuredmedia":[{"embeddable":true,"href":"https:\/\/elinformanteperu.com\/index.php\/wp-json\/wp\/v2\/media\/134902"}],"wp:attachment":[{"href":"https:\/\/elinformanteperu.com\/index.php\/wp-json\/wp\/v2\/media?parent=134901"}],"wp:term":[{"taxonomy":"category","embeddable":true,"href":"https:\/\/elinformanteperu.com\/index.php\/wp-json\/wp\/v2\/categories?post=134901"},{"taxonomy":"post_tag","embeddable":true,"href":"https:\/\/elinformanteperu.com\/index.php\/wp-json\/wp\/v2\/tags?post=134901"}],"curies":[{"name":"wp","href":"https:\/\/api.w.org\/{rel}","templated":true}]}}