{"id":134897,"date":"2025-02-10T00:12:10","date_gmt":"2025-02-10T05:12:10","guid":{"rendered":"https:\/\/elinformanteperu.com\/?p=134897"},"modified":"2025-02-10T00:12:10","modified_gmt":"2025-02-10T05:12:10","slug":"choque-por-alcance-entres-dos-camiones-de-carga-en-la-carretera-central-dejo-un-muerto","status":"publish","type":"post","link":"https:\/\/elinformanteperu.com\/index.php\/2025\/02\/10\/choque-por-alcance-entres-dos-camiones-de-carga-en-la-carretera-central-dejo-un-muerto\/","title":{"rendered":"Choque por alcance entres dos camiones de carga en la Carretera Central dej\u00f3 un muerto"},"content":{"rendered":"<p><strong><span style=\"color: #000000;\">Accidente ocurri\u00f3 ma\u00f1ana en el kil\u00f3metro 119+900, en la localidad de Cochamarca, distrito pasque\u00f1o de Vicco<\/span><\/strong><\/p>\n<p><span style=\"color: #000000;\"><strong>Lima, 9 de febrero 2025, (ANDINA).-<\/strong> Un muerto dej\u00f3 el accidente de tr\u00e1nsito ocurrido esta ma\u00f1ana en el kil\u00f3metro 119+900 de la Carretera Central, que conecta Pasco con Oroya, espec\u00edficamente en la localidad de Cochamarca, distrito de Vicco, en la regi\u00f3n de Pasco.<\/span><\/p>\n<p><span style=\"color: #000000;\">El hecho involucr\u00f3 a dos camiones de carga, uno de los cuales pertenec\u00eda a la empresa San Pedro. Seg\u00fan los primeros reportes, el pesado veh\u00edculo de encomiendas, con placa BHC-929, impact\u00f3 violentamente contra la parte posterior de otro veh\u00edculo de carga, con placa W4D-761, que se encontraba detenido en la v\u00eda.<\/span><\/p>\n<p><span style=\"color: #000000;\">Seg\u00fan el parte policial, el choque por alcance result\u00f3 en la completa destrucci\u00f3n de la parte delantera del cami\u00f3n de San Pedro, que soport\u00f3 la peor parte del impacto. Lamentablemente, se confirm\u00f3 la muerte del conductor, identificado como Lenin Cabrera Rojas, natural de Chinchao, Hu\u00e1nuco.<\/span><\/p>\n<p><span style=\"color: #000000;\">La gravedad del accidente ha dejado a los equipos de emergencia trabajando arduamente en la escena para atender a los afectados y realizar las diligencias correspondientes.<\/span><\/p>\n<p><strong><span style=\"color: #000000;\">Carretera Central Obstaculizada por el Accidente<\/span><\/strong><\/p>\n<p><span style=\"color: #000000;\">Por un momento, la Carretera Central se encontraba obstaculizada debido al accidente, lo que gener\u00f3 congesti\u00f3n y retrasos en el tr\u00e1nsito. Los transportistas y pobladores de la zona se vieron afectados, informaron las fuentes.<\/span><\/p>\n<p><strong><span style=\"color: #000000;\">Investigaci\u00f3n en Curso por Parte de Peritos y Fiscal\u00eda<\/span><\/strong><\/p>\n<p><span style=\"color: #000000;\">Efectivos policiales y peritos se encuentran realizando la inspecci\u00f3n t\u00e9cnica del accidente. El cuerpo del fallecido ha sido derivado a la morgue para las diligencias de ley. Se desconoce si el veh\u00edculo impactado estaba mal estacionado en plena Carretera Central sin los conos y luces de advertencia, o si fren\u00f3 repentinamente.<\/span><\/p>\n<p><span style=\"color: #000000;\">Se espera un pronunciamiento oficial en las pr\u00f3ximas horas, donde se detallen las medidas que se tomar\u00e1n para prevenir futuros accidentes en esta v\u00eda tan transitada.<\/span><\/p>\n<p><a href=\"https:\/\/elinformanteperu.com\/wp-content\/uploads\/2025\/02\/pasco-accidente-e1739164310100.jpg\"><img fetchpriority=\"high\" decoding=\"async\" class=\"size-large wp-image-134899 aligncenter\" src=\"https:\/\/elinformanteperu.com\/wp-content\/uploads\/2025\/02\/pasco-accidente-e1739164310100-1024x861.jpg\" alt=\"\" width=\"615\" height=\"517\" srcset=\"https:\/\/elinformanteperu.com\/wp-content\/uploads\/2025\/02\/pasco-accidente-e1739164310100-1024x861.jpg 1024w, https:\/\/elinformanteperu.com\/wp-content\/uploads\/2025\/02\/pasco-accidente-e1739164310100-300x252.jpg 300w, https:\/\/elinformanteperu.com\/wp-content\/uploads\/2025\/02\/pasco-accidente-e1739164310100-768x645.jpg 768w, https:\/\/elinformanteperu.com\/wp-content\/uploads\/2025\/02\/pasco-accidente-e1739164310100.jpg 1428w\" sizes=\"(max-width: 615px) 100vw, 615px\" \/><\/a><\/p>\n","protected":false},"excerpt":{"rendered":"<p>Accidente ocurri\u00f3 ma\u00f1ana en el kil\u00f3metro 119+900, en la localidad de Cochamarca, distrito pasque\u00f1o de Vicco Lima, 9 de febrero 2025, (ANDINA).- Un muerto dej\u00f3 el accidente de tr\u00e1nsito ocurrido esta ma\u00f1ana en el kil\u00f3metro 119+900 de la Carretera Central, que conecta Pasco con Oroya, espec\u00edficamente en la localidad de Cochamarca, distrito de Vicco, en [&hellip;]<\/p>\n","protected":false},"author":1,"featured_media":134898,"comment_status":"closed","ping_status":"closed","sticky":false,"template":"","format":"standard","meta":{"rop_custom_images_group":[],"rop_custom_messages_group":[],"rop_publish_now":"initial","rop_publish_now_accounts":[],"rop_publish_now_history":[],"rop_publish_now_status":"pending","footnotes":""},"categories":[10],"tags":[2519],"class_list":["post-134897","post","type-post","status-publish","format-standard","has-post-thumbnail","hentry","category-actualidad-municipal","tag-cerro-de-pasco"],"_links":{"self":[{"href":"https:\/\/elinformanteperu.com\/index.php\/wp-json\/wp\/v2\/posts\/134897","targetHints":{"allow":["GET"]}}],"collection":[{"href":"https:\/\/elinformanteperu.com\/index.php\/wp-json\/wp\/v2\/posts"}],"about":[{"href":"https:\/\/elinformanteperu.com\/index.php\/wp-json\/wp\/v2\/types\/post"}],"author":[{"embeddable":true,"href":"https:\/\/elinformanteperu.com\/index.php\/wp-json\/wp\/v2\/users\/1"}],"replies":[{"embeddable":true,"href":"https:\/\/elinformanteperu.com\/index.php\/wp-json\/wp\/v2\/comments?post=134897"}],"version-history":[{"count":1,"href":"https:\/\/elinformanteperu.com\/index.php\/wp-json\/wp\/v2\/posts\/134897\/revisions"}],"predecessor-version":[{"id":134900,"href":"https:\/\/elinformanteperu.com\/index.php\/wp-json\/wp\/v2\/posts\/134897\/revisions\/134900"}],"wp:featuredmedia":[{"embeddable":true,"href":"https:\/\/elinformanteperu.com\/index.php\/wp-json\/wp\/v2\/media\/134898"}],"wp:attachment":[{"href":"https:\/\/elinformanteperu.com\/index.php\/wp-json\/wp\/v2\/media?parent=134897"}],"wp:term":[{"taxonomy":"category","embeddable":true,"href":"https:\/\/elinformanteperu.com\/index.php\/wp-json\/wp\/v2\/categories?post=134897"},{"taxonomy":"post_tag","embeddable":true,"href":"https:\/\/elinformanteperu.com\/index.php\/wp-json\/wp\/v2\/tags?post=134897"}],"curies":[{"name":"wp","href":"https:\/\/api.w.org\/{rel}","templated":true}]}}