{"id":134819,"date":"2025-02-07T02:04:09","date_gmt":"2025-02-07T07:04:09","guid":{"rendered":"https:\/\/elinformanteperu.com\/?p=134819"},"modified":"2025-02-07T02:04:09","modified_gmt":"2025-02-07T07:04:09","slug":"prolima-recupera-esculturas-del-museo-pedro-de-osma","status":"publish","type":"post","link":"https:\/\/elinformanteperu.com\/index.php\/2025\/02\/07\/prolima-recupera-esculturas-del-museo-pedro-de-osma\/","title":{"rendered":"Prolima recupera esculturas del museo Pedro de Osma"},"content":{"rendered":"<p><span style=\"color: #000000;\"><strong>Lima, 6 de febrero 2025, (El Informante Per\u00fa).-<\/strong> M\u00e1s de 20 profesionales en conservaci\u00f3n y restauraci\u00f3n recuperaron las esculturas de m\u00e1rmol que representan al escritor espa\u00f1ol, Miguel de Cervantes y al dramaturgo italiano, Vittorio Alfieri, ubicadas en el museo Pedro de Osma. El trabajo se dio en el marco de un proyecto conjunto entre la Municipalidad de Lima y el museo de Barranco.<\/span><\/p>\n<p><span style=\"color: #000000;\">Ambas esculturas formaron parte del Molino de Santa Clara durante el siglo XIX, inmueble de Barrios Altos antiguamente decorado con 18 esculturas en su frontis. Sin embargo, tras los da\u00f1os ocasionados en el terremoto de 1940, los propietarios vendieron las esculturas. Las de Alfieri y Cervantes fueron compradas por Pedro de Osma, para su residencia.<\/span><\/p>\n<p><a href=\"https:\/\/elinformanteperu.com\/wp-content\/uploads\/2025\/02\/prolima-esculturas-recuperacion1.jpg\"><img fetchpriority=\"high\" decoding=\"async\" class=\"size-large wp-image-134821 aligncenter\" src=\"https:\/\/elinformanteperu.com\/wp-content\/uploads\/2025\/02\/prolima-esculturas-recuperacion1-1024x682.jpg\" alt=\"\" width=\"615\" height=\"410\" srcset=\"https:\/\/elinformanteperu.com\/wp-content\/uploads\/2025\/02\/prolima-esculturas-recuperacion1-1024x682.jpg 1024w, https:\/\/elinformanteperu.com\/wp-content\/uploads\/2025\/02\/prolima-esculturas-recuperacion1-300x200.jpg 300w, https:\/\/elinformanteperu.com\/wp-content\/uploads\/2025\/02\/prolima-esculturas-recuperacion1-768x512.jpg 768w, https:\/\/elinformanteperu.com\/wp-content\/uploads\/2025\/02\/prolima-esculturas-recuperacion1-1536x1023.jpg 1536w, https:\/\/elinformanteperu.com\/wp-content\/uploads\/2025\/02\/prolima-esculturas-recuperacion1.jpg 1600w\" sizes=\"(max-width: 615px) 100vw, 615px\" \/><\/a><span style=\"color: #000000;\">Durante el 2024 comenzaron los trabajos de restauraci\u00f3n, dirigidos por especialistas de Prolima y apoyados por el equipo del museo. Se hizo un tratamiento especializado sobre el m\u00e1rmol, se estabilizaron elementos y se restituyeron piezas perdidas, como la nariz y los dedos de la escultura de Cervantes. Asimismo, se restauraron ambos pedestales.<\/span><\/p>\n<p><span style=\"color: #000000;\">Como parte del proyecto, Prolima elabor\u00f3 dos r\u00e9plicas exactas de ambas esculturas, que ser\u00e1n instaladas en la plazuela del Teatro y la fachada del Museo de Sitio Bodega y Quadra, en el Cercado de Lima, a la espera de la restauraci\u00f3n del Molino de Santa Clara. Previamente, como parte de la recuperaci\u00f3n del centro Hist\u00f3rico, la comuna lime\u00f1a ha restaurado y elaborado r\u00e9plicas de otras esculturas del antiguo inmueble. Entre ellas, las obras de Galileo Galilei, Miguel \u00c1ngel Buonarotti, Raffaello Sanzio y Dante Alighieri.<\/span><\/p>\n<p><a href=\"https:\/\/elinformanteperu.com\/wp-content\/uploads\/2025\/02\/prolima-esculturas-recuperacion2.jpg\"><img decoding=\"async\" class=\"size-large wp-image-134822 aligncenter\" src=\"https:\/\/elinformanteperu.com\/wp-content\/uploads\/2025\/02\/prolima-esculturas-recuperacion2-1024x682.jpg\" alt=\"\" width=\"615\" height=\"410\" srcset=\"https:\/\/elinformanteperu.com\/wp-content\/uploads\/2025\/02\/prolima-esculturas-recuperacion2-1024x682.jpg 1024w, https:\/\/elinformanteperu.com\/wp-content\/uploads\/2025\/02\/prolima-esculturas-recuperacion2-300x200.jpg 300w, https:\/\/elinformanteperu.com\/wp-content\/uploads\/2025\/02\/prolima-esculturas-recuperacion2-768x512.jpg 768w, https:\/\/elinformanteperu.com\/wp-content\/uploads\/2025\/02\/prolima-esculturas-recuperacion2-1536x1023.jpg 1536w, https:\/\/elinformanteperu.com\/wp-content\/uploads\/2025\/02\/prolima-esculturas-recuperacion2.jpg 1600w\" sizes=\"(max-width: 615px) 100vw, 615px\" \/><\/a><\/p>\n","protected":false},"excerpt":{"rendered":"<p>Lima, 6 de febrero 2025, (El Informante Per\u00fa).- M\u00e1s de 20 profesionales en conservaci\u00f3n y restauraci\u00f3n recuperaron las esculturas de m\u00e1rmol que representan al escritor espa\u00f1ol, Miguel de Cervantes y al dramaturgo italiano, Vittorio Alfieri, ubicadas en el museo Pedro de Osma. El trabajo se dio en el marco de un proyecto conjunto entre la [&hellip;]<\/p>\n","protected":false},"author":1,"featured_media":134820,"comment_status":"closed","ping_status":"closed","sticky":false,"template":"","format":"standard","meta":{"rop_custom_images_group":[],"rop_custom_messages_group":[],"rop_publish_now":"initial","rop_publish_now_accounts":[],"rop_publish_now_history":[],"rop_publish_now_status":"pending","footnotes":""},"categories":[10],"tags":[],"class_list":["post-134819","post","type-post","status-publish","format-standard","has-post-thumbnail","hentry","category-actualidad-municipal"],"_links":{"self":[{"href":"https:\/\/elinformanteperu.com\/index.php\/wp-json\/wp\/v2\/posts\/134819","targetHints":{"allow":["GET"]}}],"collection":[{"href":"https:\/\/elinformanteperu.com\/index.php\/wp-json\/wp\/v2\/posts"}],"about":[{"href":"https:\/\/elinformanteperu.com\/index.php\/wp-json\/wp\/v2\/types\/post"}],"author":[{"embeddable":true,"href":"https:\/\/elinformanteperu.com\/index.php\/wp-json\/wp\/v2\/users\/1"}],"replies":[{"embeddable":true,"href":"https:\/\/elinformanteperu.com\/index.php\/wp-json\/wp\/v2\/comments?post=134819"}],"version-history":[{"count":1,"href":"https:\/\/elinformanteperu.com\/index.php\/wp-json\/wp\/v2\/posts\/134819\/revisions"}],"predecessor-version":[{"id":134823,"href":"https:\/\/elinformanteperu.com\/index.php\/wp-json\/wp\/v2\/posts\/134819\/revisions\/134823"}],"wp:featuredmedia":[{"embeddable":true,"href":"https:\/\/elinformanteperu.com\/index.php\/wp-json\/wp\/v2\/media\/134820"}],"wp:attachment":[{"href":"https:\/\/elinformanteperu.com\/index.php\/wp-json\/wp\/v2\/media?parent=134819"}],"wp:term":[{"taxonomy":"category","embeddable":true,"href":"https:\/\/elinformanteperu.com\/index.php\/wp-json\/wp\/v2\/categories?post=134819"},{"taxonomy":"post_tag","embeddable":true,"href":"https:\/\/elinformanteperu.com\/index.php\/wp-json\/wp\/v2\/tags?post=134819"}],"curies":[{"name":"wp","href":"https:\/\/api.w.org\/{rel}","templated":true}]}}