{"id":134629,"date":"2025-02-04T00:06:35","date_gmt":"2025-02-04T05:06:35","guid":{"rendered":"https:\/\/elinformanteperu.com\/?p=134629"},"modified":"2025-02-04T00:06:35","modified_gmt":"2025-02-04T05:06:35","slug":"ministro-de-cultura-en-amazonas-hacemos-una-labor-constante-comprometidos-con-la-conservacion-y-restauracion-de-kuelap","status":"publish","type":"post","link":"https:\/\/elinformanteperu.com\/index.php\/2025\/02\/04\/ministro-de-cultura-en-amazonas-hacemos-una-labor-constante-comprometidos-con-la-conservacion-y-restauracion-de-kuelap\/","title":{"rendered":"Ministro de Cultura en Amazonas: \u201cHacemos una labor constante, comprometidos con la conservaci\u00f3n y restauraci\u00f3n de Ku\u00e9lap\u201d"},"content":{"rendered":"<p><strong><span style=\"color: #000000;\">\u2022 Fabricio Valencia indic\u00f3 que en el 2024 se invirti\u00f3 S\/9 millones en la llaqta, para la recuperaci\u00f3n de Ku\u00e9lap.<\/span><\/strong><\/p>\n<p><span style=\"color: #000000;\"><strong>Lima, 3 de febrero 2025, (El Informante Per\u00fa).-<\/strong> El ministro de Cultura, Fabricio Valencia, lleg\u00f3 a la regi\u00f3n Amazonas donde desarroll\u00f3 una agenda recargada en relaci\u00f3n al cuidado, preservaci\u00f3n y puesta en valor del patrimonio cultural de esta zona del pa\u00eds; as\u00ed como para fortalecer la coordinaci\u00f3n intersectorial con las autoridades regionales y locales.<\/span><\/p>\n<p><span style=\"color: #000000;\">En su segundo d\u00eda de actividades en la regi\u00f3n, recorri\u00f3 el Complejo Arqueol\u00f3gico Monumental de Ku\u00e9lap, para verificar el avance de su restauraci\u00f3n. Acompa\u00f1ado de la congresista Mery Infantes, inspeccion\u00f3 como se viene recuperando la muralla sur, despu\u00e9s del colapso en el 2022. Asimismo, verific\u00f3 los avances en la investigaci\u00f3n y recuperaci\u00f3n de estructuras circulares, murallas y la impermeabilizaci\u00f3n interior del monumento, y el acondicionamiento de circuitos y se\u00f1al\u00e9tica para uso social.<\/span><\/p>\n<p><span style=\"color: #000000;\">El ministro se\u00f1al\u00f3 el d\u00eda previo a su llegada al emblem\u00e1tico sitio, que, en 2024 se han invertido S\/9 millones para Ku\u00e9lap. \u201cEs importante preservarlo. En 2022 la muralla colaps\u00f3 y tenemos puntos cr\u00edticos. Lo que no queremos es que vuelva a colapsar y estamos trabajando para evitar ello. Son bienes de larga data y requieren atenci\u00f3n\u201d, acot\u00f3.<\/span><\/p>\n<p><a href=\"https:\/\/elinformanteperu.com\/wp-content\/uploads\/2025\/02\/mincul-kuelap5.jpg\"><img fetchpriority=\"high\" decoding=\"async\" class=\"size-full wp-image-134631 aligncenter\" src=\"https:\/\/elinformanteperu.com\/wp-content\/uploads\/2025\/02\/mincul-kuelap5.jpg\" alt=\"\" width=\"640\" height=\"427\" srcset=\"https:\/\/elinformanteperu.com\/wp-content\/uploads\/2025\/02\/mincul-kuelap5.jpg 640w, https:\/\/elinformanteperu.com\/wp-content\/uploads\/2025\/02\/mincul-kuelap5-300x200.jpg 300w\" sizes=\"(max-width: 640px) 100vw, 640px\" \/><\/a><span style=\"color: #000000;\">El titular de Cultura asegur\u00f3 que la preocupaci\u00f3n de su sector es cuidar el patrimonio. \u201cEn Ku\u00e9lap hacemos una labor constante. Estamos comprometidos con conservar y restaurar. Eso es fundamental\u201d, afirm\u00f3.<\/span><\/p>\n<p><span style=\"color: #000000;\">En esta ocasi\u00f3n, el ministro visit\u00f3, en primer lugar, el Centro de Interpretaci\u00f3n de Ku\u00e9lap, donde observ\u00f3 los bienes que se exponen all\u00ed. Luego de ello realiz\u00f3 el recorrido a la llaqta, comprobando el mejoramiento en el sendero y la se\u00f1al\u00e9tica, as\u00ed como los descansos que se han colocado.<\/span><\/p>\n<p><span style=\"color: #000000;\">A su llegada a Ku\u00e9lap, recorri\u00f3 los circuitos y felicit\u00f3 el trabajo de restauraci\u00f3n del PRIAK, dirigida por Jos\u00e9 Bastante, quien se encarg\u00f3 de explicar los avances en las labores. Tambi\u00e9n pudo comprobar la impermeabilizaci\u00f3n que se realiz\u00f3 en diversos sectores de la llaqta.<\/span><\/p>\n<p><span style=\"color: #000000;\">Participaron del recorrido, el viceministro de Patrimonio Cultural e Industrias Culturales, Jamer Ch\u00e1vez; la jefa de Gabinete de Asesores, J\u00e9ssica Florez y la directora de la Direcci\u00f3n Desconcentrada de Cultura de Amazonas, Roc\u00edo S\u00e1nchez.<\/span><\/p>\n<p><a href=\"https:\/\/elinformanteperu.com\/wp-content\/uploads\/2025\/02\/mincul-kuelap2.jpg\"><img decoding=\"async\" class=\"size-full wp-image-134632 aligncenter\" src=\"https:\/\/elinformanteperu.com\/wp-content\/uploads\/2025\/02\/mincul-kuelap2.jpg\" alt=\"\" width=\"640\" height=\"427\" srcset=\"https:\/\/elinformanteperu.com\/wp-content\/uploads\/2025\/02\/mincul-kuelap2.jpg 640w, https:\/\/elinformanteperu.com\/wp-content\/uploads\/2025\/02\/mincul-kuelap2-300x200.jpg 300w\" sizes=\"(max-width: 640px) 100vw, 640px\" \/><\/a><strong><span style=\"color: #000000;\">Visita a Sitio Arqueol\u00f3gico Las Juntas<\/span><\/strong><\/p>\n<p><span style=\"color: #000000;\">En su primer d\u00eda de visita a la regi\u00f3n Amazonas, el ministro lleg\u00f3 al Sitio Arqueol\u00f3gico Las Juntas, ubicado en el distrito y provincia de Bagua, con la finalidad de dialogar con la poblaci\u00f3n, para trabajar en su cuidado, preservaci\u00f3n y su puesta en valor con apoyo de las autoridades regionales y locales.<\/span><\/p>\n<p><span style=\"color: #000000;\">\u201cTan importante como la arqueolog\u00eda, son ustedes. Son pocos los lugares donde se concilia el patrimonio con la poblaci\u00f3n que lo quiere proteger. Tenemos evidencias arqueol\u00f3gicas y nos alegra saber que ac\u00e1 hay poblaci\u00f3n comprometida con su protecci\u00f3n\u201d, dijo el ministro.<\/span><\/p>\n<p><span style=\"color: #000000;\">\u201cTransmitir la val\u00eda de este sitio, que es del formativo, es resaltar que en el pa\u00eds no hay muchos espacios donde la ciudadan\u00eda promueve la protecci\u00f3n del patrimonio. Saludo los encuentros acad\u00e9micos y por ello me comprometo en exponer el proceso normativo para la protecci\u00f3n del patrimonio\u201d, agreg\u00f3.<\/span><\/p>\n<p><span style=\"color: #000000;\">En el caser\u00edo Las Juntas, se encuentra este importante sitio arqueol\u00f3gico que da identidad al lugar. Las pinturas murales de forma geom\u00e9trica y lineales en un templo ceremonial de planta rectangular, son algunos de los valiosos vestigios de quienes poblaron este sector de Amazonas hace 3200 a\u00f1os. Este sitio est\u00e1 declarado Patrimonio Cultural de la Naci\u00f3n, el 09 de mayo de 2000.<\/span><\/p>\n<p><a href=\"https:\/\/elinformanteperu.com\/wp-content\/uploads\/2025\/02\/mincul-kuelap1.jpg\"><img decoding=\"async\" class=\"size-full wp-image-134633 aligncenter\" src=\"https:\/\/elinformanteperu.com\/wp-content\/uploads\/2025\/02\/mincul-kuelap1.jpg\" alt=\"\" width=\"640\" height=\"427\" srcset=\"https:\/\/elinformanteperu.com\/wp-content\/uploads\/2025\/02\/mincul-kuelap1.jpg 640w, https:\/\/elinformanteperu.com\/wp-content\/uploads\/2025\/02\/mincul-kuelap1-300x200.jpg 300w\" sizes=\"(max-width: 640px) 100vw, 640px\" \/><\/a><strong><span style=\"color: #000000;\">Valle de los Dinosaurios<\/span><\/strong><\/p>\n<p><span style=\"color: #000000;\">El titular de Cultura tambi\u00e9n lleg\u00f3 a Bagua Grande para recorrer el Sitio Arqueol\u00f3gico y Paleontol\u00f3gico de Quebrada Seca Alta, conocido como el Valle de los Dinosaurios, declarado como Patrimonio Cultural de la Naci\u00f3n en 2003.<\/span><\/p>\n<p><span style=\"color: #000000;\">\u201cTransmito el saludo de la presidenta de la Rep\u00fablica, Dina Boluarte. Me agrada que tengan preocupaci\u00f3n por nuestro patrimonio cultural. Es importante protegerlo y preservarlo. Vamos a trabajar en la delimitaci\u00f3n del pol\u00edgono arqueol\u00f3gico, para ello contamos con equipos t\u00e9cnicos\u201d, se\u00f1al\u00f3.<\/span><\/p>\n<p><span style=\"color: #000000;\">El ministro tambi\u00e9n se\u00f1al\u00f3 que se ver\u00e1 la posibilidad de colocar hitos para definir la extensi\u00f3n del bien. Asimismo, se\u00f1al\u00f3 su disposici\u00f3n para el registro de los bienes muebles que existen en este sitio. \u201cEs lo mejor que se puede hacer, para tener caracter\u00edsticas del bien\u201d, dijo.<\/span><\/p>\n<p><span style=\"color: #000000;\">El titular de Cultura dijo que, \u201cpara nosotros es prioridad esta parte del pa\u00eds. El origen de la cultura chav\u00edn, la alta cultura, se inicia en el oriente. Desde ac\u00e1 inicia el movimiento cultural, que empez\u00f3 con Pikimachay hace 14 mil a\u00f1os. Chav\u00edn tiene influencia de oriente\u201d.<\/span><\/p>\n<p><span style=\"color: #000000;\">Quebrada Seca es considerado un sitio de importancia porque en sus tierras se encuentran vestigios arqueol\u00f3gicos, principalmente cer\u00e1micos. Tambi\u00e9n es considerado un cementerio de f\u00f3siles prehist\u00f3ricos, tanto en fauna acu\u00e1tica y terrestre, como en flora fosilizada.<\/span><\/p>\n<p><a href=\"https:\/\/elinformanteperu.com\/wp-content\/uploads\/2025\/02\/mincul-kuelap3.jpg\"><img loading=\"lazy\" decoding=\"async\" class=\"size-full wp-image-134634 aligncenter\" src=\"https:\/\/elinformanteperu.com\/wp-content\/uploads\/2025\/02\/mincul-kuelap3.jpg\" alt=\"\" width=\"640\" height=\"427\" srcset=\"https:\/\/elinformanteperu.com\/wp-content\/uploads\/2025\/02\/mincul-kuelap3.jpg 640w, https:\/\/elinformanteperu.com\/wp-content\/uploads\/2025\/02\/mincul-kuelap3-300x200.jpg 300w\" sizes=\"(max-width: 640px) 100vw, 640px\" \/><\/a><\/p>\n","protected":false},"excerpt":{"rendered":"<p>\u2022 Fabricio Valencia indic\u00f3 que en el 2024 se invirti\u00f3 S\/9 millones en la llaqta, para la recuperaci\u00f3n de Ku\u00e9lap. Lima, 3 de febrero 2025, (El Informante Per\u00fa).- El ministro de Cultura, Fabricio Valencia, lleg\u00f3 a la regi\u00f3n Amazonas donde desarroll\u00f3 una agenda recargada en relaci\u00f3n al cuidado, preservaci\u00f3n y puesta en valor del patrimonio [&hellip;]<\/p>\n","protected":false},"author":1,"featured_media":134630,"comment_status":"closed","ping_status":"closed","sticky":false,"template":"","format":"standard","meta":{"rop_custom_images_group":[],"rop_custom_messages_group":[],"rop_publish_now":"initial","rop_publish_now_accounts":[],"rop_publish_now_history":[],"rop_publish_now_status":"pending","footnotes":""},"categories":[1],"tags":[7652,4736,105],"class_list":["post-134629","post","type-post","status-publish","format-standard","has-post-thumbnail","hentry","category-uncategorized","tag-fabricio-valencia","tag-kuelap","tag-ministerio-de-cultura"],"_links":{"self":[{"href":"https:\/\/elinformanteperu.com\/index.php\/wp-json\/wp\/v2\/posts\/134629","targetHints":{"allow":["GET"]}}],"collection":[{"href":"https:\/\/elinformanteperu.com\/index.php\/wp-json\/wp\/v2\/posts"}],"about":[{"href":"https:\/\/elinformanteperu.com\/index.php\/wp-json\/wp\/v2\/types\/post"}],"author":[{"embeddable":true,"href":"https:\/\/elinformanteperu.com\/index.php\/wp-json\/wp\/v2\/users\/1"}],"replies":[{"embeddable":true,"href":"https:\/\/elinformanteperu.com\/index.php\/wp-json\/wp\/v2\/comments?post=134629"}],"version-history":[{"count":1,"href":"https:\/\/elinformanteperu.com\/index.php\/wp-json\/wp\/v2\/posts\/134629\/revisions"}],"predecessor-version":[{"id":134635,"href":"https:\/\/elinformanteperu.com\/index.php\/wp-json\/wp\/v2\/posts\/134629\/revisions\/134635"}],"wp:featuredmedia":[{"embeddable":true,"href":"https:\/\/elinformanteperu.com\/index.php\/wp-json\/wp\/v2\/media\/134630"}],"wp:attachment":[{"href":"https:\/\/elinformanteperu.com\/index.php\/wp-json\/wp\/v2\/media?parent=134629"}],"wp:term":[{"taxonomy":"category","embeddable":true,"href":"https:\/\/elinformanteperu.com\/index.php\/wp-json\/wp\/v2\/categories?post=134629"},{"taxonomy":"post_tag","embeddable":true,"href":"https:\/\/elinformanteperu.com\/index.php\/wp-json\/wp\/v2\/tags?post=134629"}],"curies":[{"name":"wp","href":"https:\/\/api.w.org\/{rel}","templated":true}]}}