{"id":134622,"date":"2025-02-03T23:10:55","date_gmt":"2025-02-04T04:10:55","guid":{"rendered":"https:\/\/elinformanteperu.com\/?p=134622"},"modified":"2025-02-03T23:10:55","modified_gmt":"2025-02-04T04:10:55","slug":"minsa-sis-brindara-sesiones-informativas-en-playas-del-sur-de-lima","status":"publish","type":"post","link":"https:\/\/elinformanteperu.com\/index.php\/2025\/02\/03\/minsa-sis-brindara-sesiones-informativas-en-playas-del-sur-de-lima\/","title":{"rendered":"Minsa: SIS brindar\u00e1 sesiones informativas en playas del sur de Lima"},"content":{"rendered":"<p><strong><span style=\"color: #000000;\">Campa\u00f1a \u00abSIS, estamos para ti. \u00a1Protegiendo tu salud!\u00bb se suma a \u00abVerano Saludable\u00bb, donde los veraneantes podr\u00e1n recibir orientaci\u00f3n sobre los beneficios que ofrece el Seguro Integral de Salud.<\/span><\/strong><\/p>\n<p><span style=\"color: #000000;\"><strong>Lima, 3 de febrero 2025, (El Informante Per\u00fa).-<\/strong> El Ministerio de Salud (Minsa), a trav\u00e9s del Seguro Integral de Salud (SIS), se acerca a la poblaci\u00f3n este verano llevando informaci\u00f3n a las principales playas del sur de Lima con la campa\u00f1a \u00abSIS, estamos para ti. \u00a1Protegiendo tu salud!\u00bb. Hasta el 28 de febrero, la Zona SIS estar\u00e1 presente en las playas de Pucusana, Barranco, Santa Mar\u00eda, San Bartolo, Punta Hermosa y Punta Negra.<\/span><\/p>\n<p><span style=\"color: #000000;\">El objetivo de esta iniciativa es garantizar que m\u00e1s personas conozcan los beneficios que ofrece el SIS y puedan afiliarse, actualizar sus datos o resolver dudas sobre su cobertura de salud mientras disfrutan de la temporada de verano. Entre los servicios que brindar\u00e1 la Zona SIS se encuentran la orientaci\u00f3n sobre los planes de aseguramiento, la actualizaci\u00f3n de datos de afiliaci\u00f3n, la afiliaci\u00f3n en tiempo real y la resoluci\u00f3n de consultas sobre los derechos y beneficios de los asegurados.<\/span><\/p>\n<p><a href=\"https:\/\/elinformanteperu.com\/wp-content\/uploads\/2025\/02\/SIS-Verano-2.jpeg\"><img fetchpriority=\"high\" decoding=\"async\" class=\"size-large wp-image-134624 aligncenter\" src=\"https:\/\/elinformanteperu.com\/wp-content\/uploads\/2025\/02\/SIS-Verano-2-1024x682.jpeg\" alt=\"\" width=\"615\" height=\"410\" srcset=\"https:\/\/elinformanteperu.com\/wp-content\/uploads\/2025\/02\/SIS-Verano-2-1024x682.jpeg 1024w, https:\/\/elinformanteperu.com\/wp-content\/uploads\/2025\/02\/SIS-Verano-2-300x200.jpeg 300w, https:\/\/elinformanteperu.com\/wp-content\/uploads\/2025\/02\/SIS-Verano-2-768x512.jpeg 768w, https:\/\/elinformanteperu.com\/wp-content\/uploads\/2025\/02\/SIS-Verano-2-1536x1023.jpeg 1536w, https:\/\/elinformanteperu.com\/wp-content\/uploads\/2025\/02\/SIS-Verano-2.jpeg 1600w\" sizes=\"(max-width: 615px) 100vw, 615px\" \/><\/a><span style=\"color: #000000;\">La campa\u00f1a se desplegar\u00e1 en las siguientes fechas y lugares: el 7 de febrero en la playa Santa Mar\u00eda en Santa Mar\u00eda del Mar, el 14 de febrero en la playa San Bartolo Norte, el 21 de febrero en la playa Punta Hermosa y el 28 de febrero en la playa Punta Negra.<\/span><\/p>\n<p><span style=\"color: #000000;\">Con esta acci\u00f3n, el SIS reafirma su compromiso de brindar orientaci\u00f3n sobre sus servicios a las personas en sus momentos de recreaci\u00f3n. La campa\u00f1a \u00abSIS, estamos para ti. \u00a1Protegiendo tu salud!\u00bb busca facilitar el aseguramiento y promover la salud p\u00fablica, recordando a todos los ciudadanos que la salud no toma vacaciones.<\/span><\/p>\n<p><span style=\"color: #000000;\">El SIS es un seguro de salud dirigido a todos los residentes en el pa\u00eds que no cuentan con otro seguro de salud p\u00fablico o privado. No es un establecimiento de salud por lo que no entregamos medicamentos, citas m\u00e9dicas ni referencias. Para reclamos o quejas, llama a la l\u00ednea gratuita 113 opci\u00f3n 7.<\/span><\/p>\n","protected":false},"excerpt":{"rendered":"<p>Campa\u00f1a \u00abSIS, estamos para ti. \u00a1Protegiendo tu salud!\u00bb se suma a \u00abVerano Saludable\u00bb, donde los veraneantes podr\u00e1n recibir orientaci\u00f3n sobre los beneficios que ofrece el Seguro Integral de Salud. Lima, 3 de febrero 2025, (El Informante Per\u00fa).- El Ministerio de Salud (Minsa), a trav\u00e9s del Seguro Integral de Salud (SIS), se acerca a la poblaci\u00f3n [&hellip;]<\/p>\n","protected":false},"author":1,"featured_media":134623,"comment_status":"closed","ping_status":"closed","sticky":false,"template":"","format":"standard","meta":{"rop_custom_images_group":[],"rop_custom_messages_group":[],"rop_publish_now":"initial","rop_publish_now_accounts":[],"rop_publish_now_history":[],"rop_publish_now_status":"pending","footnotes":""},"categories":[10],"tags":[388,431,1390,2395,1758],"class_list":["post-134622","post","type-post","status-publish","format-standard","has-post-thumbnail","hentry","category-actualidad-municipal","tag-ministerio-de-salud","tag-minsa","tag-playas","tag-seguro-integral-de-salud","tag-sis"],"_links":{"self":[{"href":"https:\/\/elinformanteperu.com\/index.php\/wp-json\/wp\/v2\/posts\/134622","targetHints":{"allow":["GET"]}}],"collection":[{"href":"https:\/\/elinformanteperu.com\/index.php\/wp-json\/wp\/v2\/posts"}],"about":[{"href":"https:\/\/elinformanteperu.com\/index.php\/wp-json\/wp\/v2\/types\/post"}],"author":[{"embeddable":true,"href":"https:\/\/elinformanteperu.com\/index.php\/wp-json\/wp\/v2\/users\/1"}],"replies":[{"embeddable":true,"href":"https:\/\/elinformanteperu.com\/index.php\/wp-json\/wp\/v2\/comments?post=134622"}],"version-history":[{"count":1,"href":"https:\/\/elinformanteperu.com\/index.php\/wp-json\/wp\/v2\/posts\/134622\/revisions"}],"predecessor-version":[{"id":134625,"href":"https:\/\/elinformanteperu.com\/index.php\/wp-json\/wp\/v2\/posts\/134622\/revisions\/134625"}],"wp:featuredmedia":[{"embeddable":true,"href":"https:\/\/elinformanteperu.com\/index.php\/wp-json\/wp\/v2\/media\/134623"}],"wp:attachment":[{"href":"https:\/\/elinformanteperu.com\/index.php\/wp-json\/wp\/v2\/media?parent=134622"}],"wp:term":[{"taxonomy":"category","embeddable":true,"href":"https:\/\/elinformanteperu.com\/index.php\/wp-json\/wp\/v2\/categories?post=134622"},{"taxonomy":"post_tag","embeddable":true,"href":"https:\/\/elinformanteperu.com\/index.php\/wp-json\/wp\/v2\/tags?post=134622"}],"curies":[{"name":"wp","href":"https:\/\/api.w.org\/{rel}","templated":true}]}}