{"id":134618,"date":"2025-02-03T23:04:09","date_gmt":"2025-02-04T04:04:09","guid":{"rendered":"https:\/\/elinformanteperu.com\/?p=134618"},"modified":"2025-02-03T23:04:09","modified_gmt":"2025-02-04T04:04:09","slug":"escolares-recibiran-charlas-vocacionales-gratuitas-sobre-carreras-stem-de-la-mano-de-utec","status":"publish","type":"post","link":"https:\/\/elinformanteperu.com\/index.php\/2025\/02\/03\/escolares-recibiran-charlas-vocacionales-gratuitas-sobre-carreras-stem-de-la-mano-de-utec\/","title":{"rendered":"Escolares recibir\u00e1n charlas vocacionales gratuitas sobre carreras STEM de la mano de UTEC"},"content":{"rendered":"<p><span style=\"color: #000000;\"><strong>Lima, 3 de febrero 2025, (El Informante Per\u00fa).-<\/strong> El auge de tecnolog\u00edas disruptivas como la inteligencia artificial, la ciencia de datos y la transformaci\u00f3n digital ha generado un creciente inter\u00e9s por las carreras STEM (Ciencia, Tecnolog\u00eda, Ingenier\u00eda y Matem\u00e1ticas). Estas \u00e1reas no solo concentran las profesiones con mayor demanda global, sino que tambi\u00e9n se intersectan con campos como los negocios, adapt\u00e1ndose a un entorno cada vez m\u00e1s interconectado y competitivo.<\/span><\/p>\n<p><span style=\"color: #000000;\">De acuerdo con un informe elaborado por Immune Technology Institute y Randstad Digital, el mercado laboral demandar\u00e1 90.000 profesionales de las STEM en los pr\u00f3ximos tres a\u00f1os, lo cual demuestra la importancia de estas \u00e1reas.<\/span><\/p>\n<p><span style=\"color: #000000;\">\u00abEl avance de las carreras STEM representa una oportunidad \u00fanica para los j\u00f3venes de hoy, ya que no solo les permite integrarse a un mercado laboral altamente competitivo, sino tambi\u00e9n contribuir activamente a la transformaci\u00f3n de nuestra sociedad a trav\u00e9s de soluciones innovadoras y sostenibles. La combinaci\u00f3n de conocimiento cient\u00edfico, pensamiento cr\u00edtico y creatividad es clave para afrontar los retos del futuro con \u00e9xito\u00bb, destaca Javier Bustamante, rector de la Universidad de Ingenier\u00eda y Tecnolog\u00eda (UTEC).<\/span><\/p>\n<p><span style=\"color: #000000;\">Para ayudar a los escolares y egresados a tomar decisiones informadas sobre su futuro profesional, UTEC ha organizado el evento gratuito \u00abTu Vocaci\u00f3n STEM\u00bb, que se llevar\u00e1 a cabo el jueves 13 de febrero. Durante esta jornada, los asistentes podr\u00e1n participar en talleres interactivos, recibir charlas vocacionales y recorrer las instalaciones de la universidad, con el objetivo de explorar las diversas opciones acad\u00e9micas disponibles.<\/span><\/p>\n<p><a href=\"https:\/\/elinformanteperu.com\/wp-content\/uploads\/2025\/02\/UTEC-CLASES1.png\"><img fetchpriority=\"high\" decoding=\"async\" class=\"size-large wp-image-134620 aligncenter\" src=\"https:\/\/elinformanteperu.com\/wp-content\/uploads\/2025\/02\/UTEC-CLASES1-1024x683.png\" alt=\"\" width=\"615\" height=\"410\" srcset=\"https:\/\/elinformanteperu.com\/wp-content\/uploads\/2025\/02\/UTEC-CLASES1-1024x683.png 1024w, https:\/\/elinformanteperu.com\/wp-content\/uploads\/2025\/02\/UTEC-CLASES1-300x200.png 300w, https:\/\/elinformanteperu.com\/wp-content\/uploads\/2025\/02\/UTEC-CLASES1-768x512.png 768w, https:\/\/elinformanteperu.com\/wp-content\/uploads\/2025\/02\/UTEC-CLASES1.png 1200w\" sizes=\"(max-width: 615px) 100vw, 615px\" \/><\/a><span style=\"color: #000000;\">Los participantes podr\u00e1n conocer a detalle las 13 carreras de las Facultades de Ingenier\u00eda, Computaci\u00f3n y Negocios que ofrece UTEC y despejar todas sus dudas. Tambi\u00e9n, recibir\u00e1n asesor\u00eda personalizada de expertos y estudiantes de la universidad. Asimismo, se presentar\u00e1n las oportunidades que existen para el emprendimiento, destacando c\u00f3mo el conocimiento en STEM puede ser clave para desarrollar proyectos con un impacto real en la sociedad.<\/span><\/p>\n<p><span style=\"color: #000000;\">Los padres de familia que asistan podr\u00e1n conocer m\u00e1s sobre los convenios internacionales que tiene UTEC con prestigiosas universidades de todo el mundo, las opciones de financiamiento, as\u00ed como la propuesta de UTEC de integrar la IA en el 100% de su propuesta acad\u00e9mica.<\/span><\/p>\n<p><strong><span style=\"color: #000000;\">\u00bfCu\u00e1ndo y d\u00f3nde?<\/span><\/strong><\/p>\n<p><span style=\"color: #000000;\">La actividad se realizar\u00e1 el jueves 6 de febrero, de 3:00 p. m. a 6:00 p. m., en el campus de UTEC (Jr. Medrano Silva 165, Barranco). Los asistentes podr\u00e1n recorrer sus modernas instalaciones, incluyendo el edificio emblem\u00e1tico que en 2016 fue reconocido como el mejor del mundo por el Royal Institute of British Architects (RIBA), un reflejo del compromiso de la universidad con la excelencia en educaci\u00f3n, innovaci\u00f3n y sostenibilidad.<\/span><\/p>\n<p><span style=\"color: #000000;\">Las inscripciones est\u00e1n abiertas de forma gratuita en el siguiente enlace: <strong>https:\/\/pregrado.utec.edu.pe\/landings\/eventos\/talleres-vocacion-stem<\/strong>. Esta es una oportunidad \u00fanica para dar el primer paso hacia una carrera con futuro en el mundo STEM.<\/span><\/p>\n","protected":false},"excerpt":{"rendered":"<p>Lima, 3 de febrero 2025, (El Informante Per\u00fa).- El auge de tecnolog\u00edas disruptivas como la inteligencia artificial, la ciencia de datos y la transformaci\u00f3n digital ha generado un creciente inter\u00e9s por las carreras STEM (Ciencia, Tecnolog\u00eda, Ingenier\u00eda y Matem\u00e1ticas). Estas \u00e1reas no solo concentran las profesiones con mayor demanda global, sino que tambi\u00e9n se intersectan [&hellip;]<\/p>\n","protected":false},"author":1,"featured_media":134619,"comment_status":"closed","ping_status":"closed","sticky":false,"template":"","format":"standard","meta":{"rop_custom_images_group":[],"rop_custom_messages_group":[],"rop_publish_now":"initial","rop_publish_now_accounts":[],"rop_publish_now_history":[],"rop_publish_now_status":"pending","footnotes":""},"categories":[10],"tags":[7426],"class_list":["post-134618","post","type-post","status-publish","format-standard","has-post-thumbnail","hentry","category-actualidad-municipal","tag-utec"],"_links":{"self":[{"href":"https:\/\/elinformanteperu.com\/index.php\/wp-json\/wp\/v2\/posts\/134618","targetHints":{"allow":["GET"]}}],"collection":[{"href":"https:\/\/elinformanteperu.com\/index.php\/wp-json\/wp\/v2\/posts"}],"about":[{"href":"https:\/\/elinformanteperu.com\/index.php\/wp-json\/wp\/v2\/types\/post"}],"author":[{"embeddable":true,"href":"https:\/\/elinformanteperu.com\/index.php\/wp-json\/wp\/v2\/users\/1"}],"replies":[{"embeddable":true,"href":"https:\/\/elinformanteperu.com\/index.php\/wp-json\/wp\/v2\/comments?post=134618"}],"version-history":[{"count":1,"href":"https:\/\/elinformanteperu.com\/index.php\/wp-json\/wp\/v2\/posts\/134618\/revisions"}],"predecessor-version":[{"id":134621,"href":"https:\/\/elinformanteperu.com\/index.php\/wp-json\/wp\/v2\/posts\/134618\/revisions\/134621"}],"wp:featuredmedia":[{"embeddable":true,"href":"https:\/\/elinformanteperu.com\/index.php\/wp-json\/wp\/v2\/media\/134619"}],"wp:attachment":[{"href":"https:\/\/elinformanteperu.com\/index.php\/wp-json\/wp\/v2\/media?parent=134618"}],"wp:term":[{"taxonomy":"category","embeddable":true,"href":"https:\/\/elinformanteperu.com\/index.php\/wp-json\/wp\/v2\/categories?post=134618"},{"taxonomy":"post_tag","embeddable":true,"href":"https:\/\/elinformanteperu.com\/index.php\/wp-json\/wp\/v2\/tags?post=134618"}],"curies":[{"name":"wp","href":"https:\/\/api.w.org\/{rel}","templated":true}]}}