{"id":134416,"date":"2025-02-01T14:56:06","date_gmt":"2025-02-01T19:56:06","guid":{"rendered":"https:\/\/elinformanteperu.com\/?p=134416"},"modified":"2025-02-01T14:56:06","modified_gmt":"2025-02-01T19:56:06","slug":"capemusica-2025-asi-fue-la-premiacion-de-los-artistas-peruanos","status":"publish","type":"post","link":"https:\/\/elinformanteperu.com\/index.php\/2025\/02\/01\/capemusica-2025-asi-fue-la-premiacion-de-los-artistas-peruanos\/","title":{"rendered":"Capem\u00fasica 2025: as\u00ed fue la premiaci\u00f3n de los artistas peruanos"},"content":{"rendered":"<p><span style=\"color: #000000;\"><strong>Lima, 31 de enero 2025, (ANDINA).-<\/strong> Una fiesta de la m\u00fasica peruana fue la ceremonia de entrega de la segunda edici\u00f3n de los premios \u201cCapem\u00fasica 2025\u2033, organizado por la C\u00e1mara Peruana de la M\u00fasica, que tiene como aliados a Apdayc, Unimpro y Soniem; donde se dieron cita los m\u00e1s destacados cantantes, compositores, m\u00fasicos y productores que destacan por su contribuci\u00f3n, pasi\u00f3n y el compromiso con el que siempre trabajan por la industria musical peruana.<\/span><\/p>\n<p><span style=\"color: #000000;\">Quienes brillaron en esta noche especial fueron figuras como Leslie Shaw, Grupo 5, Daniela Darcourt, Coraz\u00f3n Serrando, Amaranta, Milena Wharton, Deyvis Orosco, entre otras figuras importantes.<\/span><\/p>\n<p><span style=\"color: #000000;\">El invitado de la noche fue sin duda el productor internacional Sergio George, quien tuvo a su cargo entregar el premio \u201cMejor Artista de cumbia\u201d, que tuvo un empate con Coraz\u00f3n Serrano y Agua Marina.<\/span><\/p>\n<p><span style=\"color: #000000;\">\u201cEs importante reconocer el talento nacional. Estas premiaciones son importantes porque son un reconocimiento y exposici\u00f3n para el talento, para el artista\u201d, coment\u00f3 Sergio George que asever\u00f3 que seguir\u00e1 comprometido con el talento peruano. \u201cEstoy comprometido con el talento peruano. Trabajo aqu\u00ed desde ya hace muchos a\u00f1os y lo seguir\u00e9 haciendo\u201d.<\/span><\/p>\n<p><strong><span style=\"color: #000000;\">Ganadores de la edici\u00f3n 2025<\/span><\/strong><\/p>\n<p><span style=\"color: #000000;\">Mejor canci\u00f3n del a\u00f1o: un empate \u201cPendejerete\u201d de Carlos Rinc\u00f3n, Leslie Shaw y Marcos Garc\u00eda y \u201cTu nombre y el m\u00edo\u201d de Juan Carlos Fern\u00e1ndez y Deyvis Orosco.<\/span><\/p>\n<p><span style=\"color: #000000;\"><strong>Mejor autor del a\u00f1o:<\/strong> Carlos Rinc\u00f3n.<\/span><\/p>\n<p><span style=\"color: #000000;\"><strong>Productor revelaci\u00f3n:<\/strong> Leslie Shaw.<\/span><\/p>\n<p><span style=\"color: #000000;\"><strong>Mejor artista criolla: <\/strong>Eva Ayll\u00f3n.<\/span><\/p>\n<p><span style=\"color: #000000;\"><strong>Mejor artista Andina: <\/strong>Amaranta.<\/span><\/p>\n<p><span style=\"color: #000000;\"><strong>Mejor artista de cumbia:<\/strong> empate Agua Marina y Coraz\u00f3n Serrano<\/span><\/p>\n<p><span style=\"color: #000000;\"><strong>Mejor artista Rock &amp; Pop:<\/strong> R\u00edo<\/span><\/p>\n<p><span style=\"color: #000000;\"><strong>Mejor artista de salsa:<\/strong> Daniela Darcourt<\/span><\/p>\n<p><span style=\"color: #000000;\"><strong>Mejor artista rom\u00e1ntico:<\/strong> Gian Marco Zignago<\/span><\/p>\n<p><span style=\"color: #000000;\"><strong>Mejor colaboraci\u00f3n art\u00edstica:<\/strong> Grupo 5 y Eddy Herrera con \u201cAmor vuelve\u201d.<\/span><\/p>\n<p><span style=\"color: #000000;\"><strong>Mejor ejecutante musical:<\/strong> Juan Carlos Fern\u00e1ndez.<\/span><\/p>\n<p><span style=\"color: #000000;\"><strong>Productor del a\u00f1o:<\/strong> La \u00danica Tropical S.C.R.L.<\/span><\/p>\n<p><a href=\"https:\/\/elinformanteperu.com\/wp-content\/uploads\/2025\/02\/capemusica-2025.jpg\"><img fetchpriority=\"high\" decoding=\"async\" class=\"size-full wp-image-134418 aligncenter\" src=\"https:\/\/elinformanteperu.com\/wp-content\/uploads\/2025\/02\/capemusica-2025.jpg\" alt=\"\" width=\"500\" height=\"336\" srcset=\"https:\/\/elinformanteperu.com\/wp-content\/uploads\/2025\/02\/capemusica-2025.jpg 500w, https:\/\/elinformanteperu.com\/wp-content\/uploads\/2025\/02\/capemusica-2025-300x202.jpg 300w\" sizes=\"(max-width: 500px) 100vw, 500px\" \/><\/a><span style=\"color: #000000;\"><strong>Mejor Producci\u00f3n de Cumbia:<\/strong> Elmer Yaip\u00e9n Quesquen y Christian Yaip\u00e9n Quesquen.<\/span><\/p>\n<p><span style=\"color: #000000;\"><strong>Mejor producci\u00f3n Folklore:<\/strong> Milena Warthon.<\/span><\/p>\n<p><span style=\"color: #000000;\"><strong>Autor Revelaci\u00f3n:<\/strong> Lenin Tamayo.<\/span><\/p>\n<p><span style=\"color: #000000;\"><strong>Mejor Show con Repertorio Nacional:<\/strong> Grupo 5<\/span><\/p>\n<p><span style=\"color: #000000;\"><strong>Productor del a\u00f1o:<\/strong> La \u00danica Tropical S.C.R.L.<\/span><\/p>\n<p><span style=\"color: #000000;\"><strong>Mejor Productor Salsa:<\/strong> Masnou Representaciones S.A.C.<\/span><\/p>\n<p><span style=\"color: #000000;\"><strong>Mejor Productor World Music:<\/strong> Sixto Ayvar \u00c1lfaro<\/span><\/p>\n<p><span style=\"color: #000000;\"><strong>Mejor Producci\u00f3n Pop Rock:<\/strong> Tourista S.A.C.<\/span><\/p>\n<p><span style=\"color: #000000;\"><strong>Mejor Productor Criollo:<\/strong> Acordes Producciones S.A.C.<\/span><\/p>\n<p><span style=\"color: #000000;\">En el marco de la premiaci\u00f3n se rendi\u00f3 homenaje a la \u2018Destacada Trayectoria Art\u00edstica\u2019 de grandes figuras de la m\u00fasica nacional como la criolla Edith Barr, la cantante de folclor Princesita de Yungay, la cantautora Nedda Huambachano, el m\u00fasico Jorge N\u00fa\u00f1ez del Prado y el pianista, compositor y arreglista contempor\u00e1neo, Lucho Neves.?<\/span><\/p>\n<p><span style=\"color: #000000;\">Y el \u2018Premio Honorifico\u2019 a los productores fonogr\u00e1ficos destacados como Distribuidora y ventas S.A.C., R\u00edo Producciones S.R.L., Julio Edgardo Barrera Larriega (Rulli Rendo) y Mauricio Mesones.<\/span><\/p>\n<p><span style=\"color: #000000;\">Los premios Capem\u00fasica de la C\u00e1mara Peruana de la M\u00fasica tiene como objetivo galardonar a los artistas del sector musical y resaltar la colaboraci\u00f3n entre las tres sociedades de gesti\u00f3n colectiva (Apdayc, Soniem y Unimpro) como unidad para incentivar la productividad del artista peruano en general, y as\u00ed contrarrestar la falta de apoyo que por a\u00f1os el gremio de la m\u00fasica ha padecido<\/span>.<\/p>\n","protected":false},"excerpt":{"rendered":"<p>Lima, 31 de enero 2025, (ANDINA).- Una fiesta de la m\u00fasica peruana fue la ceremonia de entrega de la segunda edici\u00f3n de los premios \u201cCapem\u00fasica 2025\u2033, organizado por la C\u00e1mara Peruana de la M\u00fasica, que tiene como aliados a Apdayc, Unimpro y Soniem; donde se dieron cita los m\u00e1s destacados cantantes, compositores, m\u00fasicos y productores [&hellip;]<\/p>\n","protected":false},"author":1,"featured_media":134417,"comment_status":"closed","ping_status":"closed","sticky":false,"template":"","format":"standard","meta":{"rop_custom_images_group":[],"rop_custom_messages_group":[],"rop_publish_now":"initial","rop_publish_now_accounts":[],"rop_publish_now_history":[],"rop_publish_now_status":"pending","footnotes":""},"categories":[69],"tags":[8211],"class_list":["post-134416","post","type-post","status-publish","format-standard","has-post-thumbnail","hentry","category-musica","tag-capemusica-2025"],"_links":{"self":[{"href":"https:\/\/elinformanteperu.com\/index.php\/wp-json\/wp\/v2\/posts\/134416","targetHints":{"allow":["GET"]}}],"collection":[{"href":"https:\/\/elinformanteperu.com\/index.php\/wp-json\/wp\/v2\/posts"}],"about":[{"href":"https:\/\/elinformanteperu.com\/index.php\/wp-json\/wp\/v2\/types\/post"}],"author":[{"embeddable":true,"href":"https:\/\/elinformanteperu.com\/index.php\/wp-json\/wp\/v2\/users\/1"}],"replies":[{"embeddable":true,"href":"https:\/\/elinformanteperu.com\/index.php\/wp-json\/wp\/v2\/comments?post=134416"}],"version-history":[{"count":1,"href":"https:\/\/elinformanteperu.com\/index.php\/wp-json\/wp\/v2\/posts\/134416\/revisions"}],"predecessor-version":[{"id":134419,"href":"https:\/\/elinformanteperu.com\/index.php\/wp-json\/wp\/v2\/posts\/134416\/revisions\/134419"}],"wp:featuredmedia":[{"embeddable":true,"href":"https:\/\/elinformanteperu.com\/index.php\/wp-json\/wp\/v2\/media\/134417"}],"wp:attachment":[{"href":"https:\/\/elinformanteperu.com\/index.php\/wp-json\/wp\/v2\/media?parent=134416"}],"wp:term":[{"taxonomy":"category","embeddable":true,"href":"https:\/\/elinformanteperu.com\/index.php\/wp-json\/wp\/v2\/categories?post=134416"},{"taxonomy":"post_tag","embeddable":true,"href":"https:\/\/elinformanteperu.com\/index.php\/wp-json\/wp\/v2\/tags?post=134416"}],"curies":[{"name":"wp","href":"https:\/\/api.w.org\/{rel}","templated":true}]}}