{"id":134409,"date":"2025-02-01T12:58:41","date_gmt":"2025-02-01T17:58:41","guid":{"rendered":"https:\/\/elinformanteperu.com\/?p=134409"},"modified":"2025-02-01T13:20:49","modified_gmt":"2025-02-01T18:20:49","slug":"grammy-2025-estos-son-los-peruanos-nominados","status":"publish","type":"post","link":"https:\/\/elinformanteperu.com\/index.php\/2025\/02\/01\/grammy-2025-estos-son-los-peruanos-nominados\/","title":{"rendered":"Grammy 2025: estos son los peruanos nominados"},"content":{"rendered":"<p><span style=\"color: #000000;\"><strong>Lima, 31 de enero 2025, (ANDINA).-<\/strong> La m\u00fasica latina en la 67\u00aa edici\u00f3n de los Premios Grammy se ilumina gracias a la constancia y disciplina de nuestros compatriotas que con su talento han sido nominados en diversas categor\u00edas. Ellos son Ciro Hurtado, Tony y Mimy Succar; as\u00ed como Sonnem.<\/span><\/p>\n<p><span style=\"color: #000000;\">Es as\u00ed que en la categor\u00eda \u00abMejor \u00c1lbum Latino Tropical\u00bb est\u00e1n nominados por Alma, Coraz\u00f3n y Salsa (Live at Gran Teatro Nacional), los artistas peruanos Tony Succar, Mimy Succar.<\/span><\/p>\n<p><span style=\"color: #000000;\">Ellos comparten este categor\u00eda con Marc Anthony por Mu\u00e9vanse y Bailar de Sheila E. Tambi\u00e9n Radio G\u00fcira de Juan Luis Guerra 4.40 y Vacil\u00f3n Santiaguero de Kiki Valera.<\/span><\/p>\n<p><span style=\"color: #000000;\">Tony tambi\u00e9n se encuentra nominado como productor en el disco \u00abBailar\u00bb de Sheila E.<\/span><\/p>\n<p><iframe title=\"YouTube video player\" src=\"https:\/\/www.youtube-nocookie.com\/embed\/VkOu6mE07-8?si=hqHWlPrQ_CBfp85l&amp;controls=0\" width=\"520\" height=\"315\" frameborder=\"0\" allowfullscreen=\"allowfullscreen\"><span data-mce-type=\"bookmark\" style=\"display: inline-block; width: 0px; overflow: hidden; line-height: 0;\" class=\"mce_SELRES_start\">\ufeff<\/span><\/iframe><\/p>\n<p><span style=\"color: #000000;\">Mimy se luce adem\u00e1s en la categor\u00eda \u00abMejor Interpretaci\u00f3n de M\u00fasica Global\u00bb por \u201cBemba Color\u00e1\u201d de Sheila; en donde hace feat junto a Gloria Estefan.<\/span><\/p>\n<p><span style=\"color: #000000;\">En la categor\u00eda \u00abMejor \u00c1lbum de M\u00fasica para Ni\u00f1os\u00bb el trabajo Solid Rock Revival, Rock for Children tiene al peruano Sonnem postulando junto a un grupo de artistas destacados.<\/span><\/p>\n<p><span style=\"color: #000000;\">Mientras que en \u00abMejor \u00c1lbum de M\u00fasica Global\u00bb tenemos el trabajo \u00abPaisajes\u00bb del artista nacional Ciro Hurtado. El compite en esta categor\u00eda con Alkebulan II, Matt B feat. Royal Philharmonic Orchestra, Heis, Rema; Historias De Un Flamenco, Antonio Rey y Born in the Wild, Tems.<\/span><\/p>\n<p><strong><span style=\"color: #000000;\">Mejor \u00e1lbum latino tropical<\/span><\/strong><\/p>\n<p><span style=\"color: #000000;\">\u201cMUEVENSE\u201d, Marc Anthony, \u201cBailar\u201d, Sheila E.;<\/span><\/p>\n<p><span style=\"color: #000000;\">\u201cRadio G\u00fcira\u201d, Juan Luis Guerra 4.40;<\/span><\/p>\n<p><span style=\"color: #000000;\">\u201cAlma, coraz\u00f3n y salsa (Live at Gran Teatro Nacional)\u201d Tony Succar, Mimy Succar;<\/span><\/p>\n<p><span style=\"color: #000000;\">\u201cVacil\u00f3n Santiaguero\u201d, Kiki Valera.<\/span><\/p>\n<p><strong><span style=\"color: #000000;\">Mejor interpretaci\u00f3n de m\u00fasica global<\/span><\/strong><\/p>\n<p><span style=\"color: #000000;\">\u201cRaat Ki Rani\u201d, Arooj Aftab;<\/span><\/p>\n<p><span style=\"color: #000000;\">\u201cA Rock Somewhere\u201d, Jacob Collier con Anoushka Shankar y Varijashree Venugopal;<\/span><\/p>\n<p><span style=\"color: #000000;\">\u201cRise\u201d, Rocky Dawuni;<\/span><\/p>\n<p><span style=\"color: #000000;\">\u201cBemba Color\u00e1\u201d, Sheila E. con Gloria Estefan y Mimy Succar;<\/span><\/p>\n<p><span style=\"color: #000000;\">\u201cSunlight To My Soul\u201d, Ang\u00e9lique Kidjo con Soweto Gospel Choir;<\/span><\/p>\n<p><span style=\"color: #000000;\">\u201cKashira\u201d, Masa Takumi con Ron Korb, Noshir Mody y Dale Edward Chung.<\/span><\/p>\n<p><span style=\"color: #000000;\">La antesala de la ceremonia iniciar\u00e1 desde las 6 de la tarde hora Per\u00fa.<\/span><\/p>\n<p><iframe title=\"YouTube video player\" src=\"https:\/\/www.youtube-nocookie.com\/embed\/YR8qB4OMeCY?si=UY3zMRg9ZAn4qn-b&amp;controls=0\" width=\"520\" height=\"315\" frameborder=\"0\" allowfullscreen=\"allowfullscreen\"><span data-mce-type=\"bookmark\" style=\"display: inline-block; width: 0px; overflow: hidden; line-height: 0;\" class=\"mce_SELRES_start\">\ufeff<\/span><\/iframe><\/p>\n","protected":false},"excerpt":{"rendered":"<p>Lima, 31 de enero 2025, (ANDINA).- La m\u00fasica latina en la 67\u00aa edici\u00f3n de los Premios Grammy se ilumina gracias a la constancia y disciplina de nuestros compatriotas que con su talento han sido nominados en diversas categor\u00edas. Ellos son Ciro Hurtado, Tony y Mimy Succar; as\u00ed como Sonnem. Es as\u00ed que en la categor\u00eda [&hellip;]<\/p>\n","protected":false},"author":1,"featured_media":134410,"comment_status":"closed","ping_status":"closed","sticky":false,"template":"","format":"standard","meta":{"rop_custom_images_group":[],"rop_custom_messages_group":[],"rop_publish_now":"initial","rop_publish_now_accounts":[],"rop_publish_now_history":[],"rop_publish_now_status":"pending","footnotes":""},"categories":[69],"tags":[7818],"class_list":["post-134409","post","type-post","status-publish","format-standard","has-post-thumbnail","hentry","category-musica","tag-grammy-2025"],"_links":{"self":[{"href":"https:\/\/elinformanteperu.com\/index.php\/wp-json\/wp\/v2\/posts\/134409","targetHints":{"allow":["GET"]}}],"collection":[{"href":"https:\/\/elinformanteperu.com\/index.php\/wp-json\/wp\/v2\/posts"}],"about":[{"href":"https:\/\/elinformanteperu.com\/index.php\/wp-json\/wp\/v2\/types\/post"}],"author":[{"embeddable":true,"href":"https:\/\/elinformanteperu.com\/index.php\/wp-json\/wp\/v2\/users\/1"}],"replies":[{"embeddable":true,"href":"https:\/\/elinformanteperu.com\/index.php\/wp-json\/wp\/v2\/comments?post=134409"}],"version-history":[{"count":5,"href":"https:\/\/elinformanteperu.com\/index.php\/wp-json\/wp\/v2\/posts\/134409\/revisions"}],"predecessor-version":[{"id":134415,"href":"https:\/\/elinformanteperu.com\/index.php\/wp-json\/wp\/v2\/posts\/134409\/revisions\/134415"}],"wp:featuredmedia":[{"embeddable":true,"href":"https:\/\/elinformanteperu.com\/index.php\/wp-json\/wp\/v2\/media\/134410"}],"wp:attachment":[{"href":"https:\/\/elinformanteperu.com\/index.php\/wp-json\/wp\/v2\/media?parent=134409"}],"wp:term":[{"taxonomy":"category","embeddable":true,"href":"https:\/\/elinformanteperu.com\/index.php\/wp-json\/wp\/v2\/categories?post=134409"},{"taxonomy":"post_tag","embeddable":true,"href":"https:\/\/elinformanteperu.com\/index.php\/wp-json\/wp\/v2\/tags?post=134409"}],"curies":[{"name":"wp","href":"https:\/\/api.w.org\/{rel}","templated":true}]}}