{"id":134293,"date":"2025-01-30T01:44:45","date_gmt":"2025-01-30T06:44:45","guid":{"rendered":"https:\/\/elinformanteperu.com\/?p=134293"},"modified":"2025-01-30T01:44:45","modified_gmt":"2025-01-30T06:44:45","slug":"lambayeque-se-declara-en-alerta-ante-el-aumento-de-casos-de-dengue-en-lo-que-va-del-ano","status":"publish","type":"post","link":"https:\/\/elinformanteperu.com\/index.php\/2025\/01\/30\/lambayeque-se-declara-en-alerta-ante-el-aumento-de-casos-de-dengue-en-lo-que-va-del-ano\/","title":{"rendered":"Lambayeque se declara en alerta ante el aumento de casos de dengue en lo que va del a\u00f1o"},"content":{"rendered":"<p><strong><span style=\"color: #000000;\">Informe t\u00e9cnico reporta 139 casos de enfermedad en enero<\/span><\/strong><\/p>\n<p><span style=\"color: #000000;\"><strong>Lima, 29 de enero 2025, (ANDINA).-<\/strong> La regi\u00f3n Lambayeque se encuentra en alerta tras el \u00faltimo informe t\u00e9cnico que reporta 139 casos de dengue, entre confirmados y probables, distribuidos en 29 distritos. Las jurisdicciones m\u00e1s afectadas incluyen P\u00e1tapo, Chiclayo, La Victoria, Ferre\u00f1afe, Olmos, Tum\u00e1n y Motupe.<\/span><\/p>\n<p><span style=\"color: #000000;\">Ante el riesgo de un incremento en los casos de dengue, exacerbado por las recientes lluvias y las condiciones clim\u00e1ticas propicias para la proliferaci\u00f3n del mosquito Aedes Aegypti, la Gerencia Regional de Salud (Geresa) Lambayeque ha declarado una Alerta Epidemiol\u00f3gica. Esta medida busca reforzar las acciones de prevenci\u00f3n, vigilancia y atenci\u00f3n en la regi\u00f3n.<\/span><\/p>\n<p><span style=\"color: #000000;\">\u201cEsta alerta tiene como objetivo que los establecimientos de salud fortalezcan sus actividades internas y colaboren de manera integrada con las instituciones comunitarias y privadas para difundir las medidas de prevenci\u00f3n y control de esta enfermedad\u201d, explic\u00f3 V\u00edctor Torres Anaya, jefe de la Oficina de Epidemiolog\u00eda de la Geresa Lambayeque.<\/span><\/p>\n<p><span style=\"color: #000000;\">El dengue tiende a propagarse con mayor intensidad durante los meses de verano, debido al aumento de temperaturas y precipitaciones. El Servicio Nacional de Meteorolog\u00eda e Hidrolog\u00eda (Senamhi) ha pronosticado que las temperaturas podr\u00edan superar los 34 grados.<\/span><\/p>\n<p><a href=\"https:\/\/elinformanteperu.com\/wp-content\/uploads\/2025\/01\/dengue-lambayeque1.jpg\"><img fetchpriority=\"high\" decoding=\"async\" class=\"size-full wp-image-134295 aligncenter\" src=\"https:\/\/elinformanteperu.com\/wp-content\/uploads\/2025\/01\/dengue-lambayeque1.jpg\" alt=\"\" width=\"500\" height=\"357\" srcset=\"https:\/\/elinformanteperu.com\/wp-content\/uploads\/2025\/01\/dengue-lambayeque1.jpg 500w, https:\/\/elinformanteperu.com\/wp-content\/uploads\/2025\/01\/dengue-lambayeque1-300x214.jpg 300w\" sizes=\"(max-width: 500px) 100vw, 500px\" \/><\/a><span style=\"color: #000000;\">La Geresa Lambayeque advierte que la acumulaci\u00f3n de objetos inservibles en patios y techos incrementa el riesgo de reproducci\u00f3n del mosquito transmisor del dengue. Entre las medidas de prevenci\u00f3n que se est\u00e1n implementando, todos los centros de salud deben identificar y notificar casos sospechosos de dengue, priorizando la detecci\u00f3n temprana, incluso sin pruebas confirmatorias.<\/span><\/p>\n<p><span style=\"color: #000000;\">Adem\u00e1s, se intensificar\u00e1n las actividades para eliminar criaderos del Aedes Aegypti, se realizar\u00e1n controles larvarios casa por casa, se llevar\u00e1n a cabo capacitaciones continuas al personal de salud y se monitorear\u00e1n las intervenciones.<\/span><\/p>\n<p><span style=\"color: #000000;\">La Geresa Lambayeque hizo un llamado a las autoridades locales, al sector privado y a la comunidad en general para unir esfuerzos en el control de la propagaci\u00f3n del dengue. Se recomend\u00f3 eliminar los criaderos de mosquitos en el interior de las casas y sus alrededores, as\u00ed como utilizar repelentes y mosquiteros para prevenir picaduras.<\/span><\/p>\n<p><span style=\"color: #000000;\">Por \u00faltimo, las autoridades instaron a la poblaci\u00f3n a acudir de inmediato al centro de salud m\u00e1s cercano si presentan s\u00edntomas como fiebre alta, dolor muscular o manchas rojas en la piel, donde recibir\u00e1n atenci\u00f3n gratuita.<\/span><\/p>\n","protected":false},"excerpt":{"rendered":"<p>Informe t\u00e9cnico reporta 139 casos de enfermedad en enero Lima, 29 de enero 2025, (ANDINA).- La regi\u00f3n Lambayeque se encuentra en alerta tras el \u00faltimo informe t\u00e9cnico que reporta 139 casos de dengue, entre confirmados y probables, distribuidos en 29 distritos. Las jurisdicciones m\u00e1s afectadas incluyen P\u00e1tapo, Chiclayo, La Victoria, Ferre\u00f1afe, Olmos, Tum\u00e1n y Motupe. [&hellip;]<\/p>\n","protected":false},"author":1,"featured_media":134294,"comment_status":"closed","ping_status":"closed","sticky":false,"template":"","format":"standard","meta":{"rop_custom_images_group":[],"rop_custom_messages_group":[],"rop_publish_now":"initial","rop_publish_now_accounts":[],"rop_publish_now_history":[],"rop_publish_now_status":"pending","footnotes":""},"categories":[10],"tags":[3729,1308,3861],"class_list":["post-134293","post","type-post","status-publish","format-standard","has-post-thumbnail","hentry","category-actualidad-municipal","tag-chiclayo","tag-dengue","tag-lambayeque"],"_links":{"self":[{"href":"https:\/\/elinformanteperu.com\/index.php\/wp-json\/wp\/v2\/posts\/134293","targetHints":{"allow":["GET"]}}],"collection":[{"href":"https:\/\/elinformanteperu.com\/index.php\/wp-json\/wp\/v2\/posts"}],"about":[{"href":"https:\/\/elinformanteperu.com\/index.php\/wp-json\/wp\/v2\/types\/post"}],"author":[{"embeddable":true,"href":"https:\/\/elinformanteperu.com\/index.php\/wp-json\/wp\/v2\/users\/1"}],"replies":[{"embeddable":true,"href":"https:\/\/elinformanteperu.com\/index.php\/wp-json\/wp\/v2\/comments?post=134293"}],"version-history":[{"count":1,"href":"https:\/\/elinformanteperu.com\/index.php\/wp-json\/wp\/v2\/posts\/134293\/revisions"}],"predecessor-version":[{"id":134296,"href":"https:\/\/elinformanteperu.com\/index.php\/wp-json\/wp\/v2\/posts\/134293\/revisions\/134296"}],"wp:featuredmedia":[{"embeddable":true,"href":"https:\/\/elinformanteperu.com\/index.php\/wp-json\/wp\/v2\/media\/134294"}],"wp:attachment":[{"href":"https:\/\/elinformanteperu.com\/index.php\/wp-json\/wp\/v2\/media?parent=134293"}],"wp:term":[{"taxonomy":"category","embeddable":true,"href":"https:\/\/elinformanteperu.com\/index.php\/wp-json\/wp\/v2\/categories?post=134293"},{"taxonomy":"post_tag","embeddable":true,"href":"https:\/\/elinformanteperu.com\/index.php\/wp-json\/wp\/v2\/tags?post=134293"}],"curies":[{"name":"wp","href":"https:\/\/api.w.org\/{rel}","templated":true}]}}