{"id":134270,"date":"2025-01-30T00:31:33","date_gmt":"2025-01-30T05:31:33","guid":{"rendered":"https:\/\/elinformanteperu.com\/?p=134270"},"modified":"2025-01-30T00:37:29","modified_gmt":"2025-01-30T05:37:29","slug":"clasico-del-voley-entre-alianza-lima-vs-universitario-de-deportes-se-jugara-este-domingo-con-lleno-total","status":"publish","type":"post","link":"https:\/\/elinformanteperu.com\/index.php\/2025\/01\/30\/clasico-del-voley-entre-alianza-lima-vs-universitario-de-deportes-se-jugara-este-domingo-con-lleno-total\/","title":{"rendered":"Cl\u00e1sico del v\u00f3ley entre Alianza Lima vs Universitario de Deportes se jugar\u00e1 este domingo con lleno total"},"content":{"rendered":"<div>\n<p><strong><span style=\"color: #000000;\">Sede Legado del Polideportivo Villa El Salvador recibir\u00e1 a casi 5 mil \u00b4voleylovers\u00b4 tras agotarse las entradas a pocas horas de lanzarse a la venta.<\/span><\/strong><\/p>\n<p><span style=\"color: #000000;\"><strong>Villa El Salvador, 29 de enero 2025, (El Informante Per\u00fa).-<\/strong> En tan solo unas horas, los fan\u00e1ticos de Alianza Lima y Universitario de Deportes agotaron las entradas que se pusieron a la venta para disfrutar el primer cl\u00e1sico del a\u00f1o, v\u00e1lido por la fecha 8 de la Liga Nacional de V\u00f3ley Femenino, a realizarse en la sede Legado del Polideportivo Villa El Salvador, el domingo 2 de febrero, desde las 5:00 p.m.<\/span><\/p>\n<p><span style=\"color: #000000;\">De esa manera, esta infraestructura panamericana vibrar\u00e1 con el aliento y la pasi\u00f3n de 4,378 personas que se dar\u00e1n cita para hinchar por su equipo favorito. Para ello, se ha previsto dos accesos: Por la puerta 1, Avenida Mariano Pastor Sevilla, ingresar\u00e1n los fan\u00e1ticos de Universitario de Deportes.<\/span><\/p>\n<\/div>\n<div><\/div>\n<div><\/div>\n<div><a href=\"https:\/\/elinformanteperu.com\/wp-content\/uploads\/2025\/01\/U-clasico-voley.jpg\"><img fetchpriority=\"high\" decoding=\"async\" class=\"size-full wp-image-134272 aligncenter\" src=\"https:\/\/elinformanteperu.com\/wp-content\/uploads\/2025\/01\/U-clasico-voley.jpg\" alt=\"\" width=\"1023\" height=\"681\" srcset=\"https:\/\/elinformanteperu.com\/wp-content\/uploads\/2025\/01\/U-clasico-voley.jpg 1023w, https:\/\/elinformanteperu.com\/wp-content\/uploads\/2025\/01\/U-clasico-voley-300x200.jpg 300w, https:\/\/elinformanteperu.com\/wp-content\/uploads\/2025\/01\/U-clasico-voley-768x511.jpg 768w\" sizes=\"(max-width: 1023px) 100vw, 1023px\" \/><\/a><\/div>\n<div><\/div>\n<div>\n<p><span style=\"color: #000000;\">En tanto, por la puerta 20, ubicada en el otro extremo de la Avenida Mariano Pastor Sevilla (con sentido de norte a sur), ingresar\u00e1n los hinchas de Alianza Lima.<\/span><\/p>\n<p><span style=\"color: #000000;\">Vale destacar que, la compra de boletos para asistir a cada partido de la liga profesional de v\u00f3ley se realiza a trav\u00e9s de Joinnus, y para este cl\u00e1sico, las primeras zonas en agotarse en cuesti\u00f3n de minutos, fueron las generales y preferentes.<\/span><\/p>\n<\/div>\n<div><\/div>\n<div><a href=\"https:\/\/elinformanteperu.com\/wp-content\/uploads\/2025\/01\/alianza-voley-clasico3.jpg\"><img decoding=\"async\" class=\"size-full wp-image-134273 aligncenter\" src=\"https:\/\/elinformanteperu.com\/wp-content\/uploads\/2025\/01\/alianza-voley-clasico3.jpg\" alt=\"\" width=\"1024\" height=\"683\" srcset=\"https:\/\/elinformanteperu.com\/wp-content\/uploads\/2025\/01\/alianza-voley-clasico3.jpg 1024w, https:\/\/elinformanteperu.com\/wp-content\/uploads\/2025\/01\/alianza-voley-clasico3-300x200.jpg 300w, https:\/\/elinformanteperu.com\/wp-content\/uploads\/2025\/01\/alianza-voley-clasico3-768x512.jpg 768w\" sizes=\"(max-width: 1024px) 100vw, 1024px\" \/><\/a><\/div>\n<div><\/div>\n<div>\n<p><span style=\"color: #000000;\">Vale destacar que, la compra de boletos para asistir a cada partido de la liga profesional de v\u00f3ley se realiza a trav\u00e9s de Joinnus, y para este cl\u00e1sico, las primeras zonas en agotarse en cuesti\u00f3n de minutos, fueron las generales y preferentes.<\/span><\/p>\n<p><span style=\"color: #000000;\">El Polideportivo Legado Villa El Salvador tiene una capacidad para 5 mil espectadores y posee una superficie de madera flotante similar a las utilizadas en Estados Unidos, adem\u00e1s de circuitos de aire cerrado, tribunas retr\u00e1ctiles, con un sistema de iluminaci\u00f3n conforme a las normas de la Federaci\u00f3n Internacional de Voleibol (FIVB).<\/span><\/p>\n<\/div>\n<div><\/div>\n<div><\/div>\n<div><a href=\"https:\/\/elinformanteperu.com\/wp-content\/uploads\/2025\/01\/U-clasico-voley1.jpg\"><img decoding=\"async\" class=\"size-full wp-image-134274 aligncenter\" src=\"https:\/\/elinformanteperu.com\/wp-content\/uploads\/2025\/01\/U-clasico-voley1.jpg\" alt=\"\" width=\"1023\" height=\"681\" srcset=\"https:\/\/elinformanteperu.com\/wp-content\/uploads\/2025\/01\/U-clasico-voley1.jpg 1023w, https:\/\/elinformanteperu.com\/wp-content\/uploads\/2025\/01\/U-clasico-voley1-300x200.jpg 300w, https:\/\/elinformanteperu.com\/wp-content\/uploads\/2025\/01\/U-clasico-voley1-768x511.jpg 768w\" sizes=\"(max-width: 1023px) 100vw, 1023px\" \/><\/a><\/div>\n<div><\/div>\n<div>\n<p><span style=\"color: #000000;\">Esta infraestructura que fue, adem\u00e1s, sede del \u00faltimo Mundial de V\u00f3ley sub 17, ofrece seguridad y comodidad para las familias, ni\u00f1os, j\u00f3venes y adultos que asistir\u00e1n al cl\u00e1sico del v\u00f3ley nacional.<\/span><\/p>\n<p><span style=\"color: #000000;\">Alianza Lima llega al cl\u00e1sico ante Universitario de Deportes con una victoria ante Rebaza Acosta, con Ysabella S\u00e1nchez como figura del encuentro. De esta manera, el equipo \u2018blanquiazul\u2019 sum\u00f3 su s\u00e9ptima victoria consecutiva; mientras que las \u2018Pumas\u2019 buscar\u00e1n dejar la tercera posici\u00f3n y liderar la tabla general.<\/span><\/p>\n<\/div>\n<div><\/div>\n<div><a href=\"https:\/\/elinformanteperu.com\/wp-content\/uploads\/2025\/01\/alianza-voley-clasico2.jpg\"><img loading=\"lazy\" decoding=\"async\" class=\"size-full wp-image-134275 aligncenter\" src=\"https:\/\/elinformanteperu.com\/wp-content\/uploads\/2025\/01\/alianza-voley-clasico2.jpg\" alt=\"\" width=\"1024\" height=\"683\" srcset=\"https:\/\/elinformanteperu.com\/wp-content\/uploads\/2025\/01\/alianza-voley-clasico2.jpg 1024w, https:\/\/elinformanteperu.com\/wp-content\/uploads\/2025\/01\/alianza-voley-clasico2-300x200.jpg 300w, https:\/\/elinformanteperu.com\/wp-content\/uploads\/2025\/01\/alianza-voley-clasico2-768x512.jpg 768w\" sizes=\"(max-width: 1024px) 100vw, 1024px\" \/><\/a><\/div>\n","protected":false},"excerpt":{"rendered":"<p>Sede Legado del Polideportivo Villa El Salvador recibir\u00e1 a casi 5 mil \u00b4voleylovers\u00b4 tras agotarse las entradas a pocas horas de lanzarse a la venta. Villa El Salvador, 29 de enero 2025, (El Informante Per\u00fa).- En tan solo unas horas, los fan\u00e1ticos de Alianza Lima y Universitario de Deportes agotaron las entradas que se pusieron [&hellip;]<\/p>\n","protected":false},"author":1,"featured_media":134271,"comment_status":"closed","ping_status":"closed","sticky":false,"template":"","format":"standard","meta":{"rop_custom_images_group":[],"rop_custom_messages_group":[],"rop_publish_now":"initial","rop_publish_now_accounts":[],"rop_publish_now_history":[],"rop_publish_now_status":"pending","footnotes":""},"categories":[8],"tags":[6495,8110,8204],"class_list":["post-134270","post","type-post","status-publish","format-standard","has-post-thumbnail","hentry","category-disciplinas-deportivas","tag-legado","tag-liga-de-voley-24-25","tag-voley-clasico-alianza-u"],"_links":{"self":[{"href":"https:\/\/elinformanteperu.com\/index.php\/wp-json\/wp\/v2\/posts\/134270","targetHints":{"allow":["GET"]}}],"collection":[{"href":"https:\/\/elinformanteperu.com\/index.php\/wp-json\/wp\/v2\/posts"}],"about":[{"href":"https:\/\/elinformanteperu.com\/index.php\/wp-json\/wp\/v2\/types\/post"}],"author":[{"embeddable":true,"href":"https:\/\/elinformanteperu.com\/index.php\/wp-json\/wp\/v2\/users\/1"}],"replies":[{"embeddable":true,"href":"https:\/\/elinformanteperu.com\/index.php\/wp-json\/wp\/v2\/comments?post=134270"}],"version-history":[{"count":4,"href":"https:\/\/elinformanteperu.com\/index.php\/wp-json\/wp\/v2\/posts\/134270\/revisions"}],"predecessor-version":[{"id":134279,"href":"https:\/\/elinformanteperu.com\/index.php\/wp-json\/wp\/v2\/posts\/134270\/revisions\/134279"}],"wp:featuredmedia":[{"embeddable":true,"href":"https:\/\/elinformanteperu.com\/index.php\/wp-json\/wp\/v2\/media\/134271"}],"wp:attachment":[{"href":"https:\/\/elinformanteperu.com\/index.php\/wp-json\/wp\/v2\/media?parent=134270"}],"wp:term":[{"taxonomy":"category","embeddable":true,"href":"https:\/\/elinformanteperu.com\/index.php\/wp-json\/wp\/v2\/categories?post=134270"},{"taxonomy":"post_tag","embeddable":true,"href":"https:\/\/elinformanteperu.com\/index.php\/wp-json\/wp\/v2\/tags?post=134270"}],"curies":[{"name":"wp","href":"https:\/\/api.w.org\/{rel}","templated":true}]}}