{"id":13423,"date":"2017-07-21T00:56:55","date_gmt":"2017-07-21T05:56:55","guid":{"rendered":"http:\/\/elinformanteperu.com\/?p=13423"},"modified":"2017-07-21T00:56:55","modified_gmt":"2017-07-21T05:56:55","slug":"perez-tello-odebrecht-tiene-que-pagar-la-reparacion-civil-antes-de-irse","status":"publish","type":"post","link":"https:\/\/elinformanteperu.com\/index.php\/2017\/07\/21\/perez-tello-odebrecht-tiene-que-pagar-la-reparacion-civil-antes-de-irse\/","title":{"rendered":"P\u00e9rez Tello: Odebrecht tiene que pagar la reparaci\u00f3n civil antes de irse"},"content":{"rendered":"<p><strong><span style=\"color: #000000;\">La ministra de Justicia, Mar\u00eda Soledad P\u00e9rez Tello, consider\u00f3 que la empresa Odebrecht, vinculada a casos de corrupci\u00f3n internacional, tendr\u00e1 que pagar la reparaci\u00f3n civil antes de irse del pa\u00eds.<\/span><\/strong><\/p>\n<p><span style=\"color: #000000;\"><strong>Lima, 20 Julio 2017, (ANDINA).-<\/strong> La ministra de Justicia y Derechos Humanos, Mar\u00eda Soledad P\u00e9rez Tello, consider\u00f3 que la empresa brasile\u00f1a Odebrecht, vinculada a casos de corrupci\u00f3n internacional, tendr\u00e1 que pagar la reparaci\u00f3n civil antes de irse del pa\u00eds.<\/span><\/p>\n<p><span style=\"color: #000000;\">En declaraciones a la prensa, sostuvo que se espera la venta de los activos de esta empresa, como en el proyecto Olmos, donde Odebrecht a\u00fan tiene intereses.<\/span><\/p>\n<p><span style=\"color: #000000;\">\u201cOlmos tiene que venderse, igual que las dem\u00e1s cosas, porque Odebrecht se tiene que ir y tiene que dejar aqu\u00ed pagada la reparaci\u00f3n civil, tenemos que garantizar la cadena de pagos\u201d, subray\u00f3 la ministra a la prensa. <\/span><\/p>\n<p><span style=\"color: #000000;\">P\u00e9rez Tello fue enf\u00e1tica en que no existen mecanismos para que Odebrecht \u201cnos deje sin pagar un solo centavo\u201d.<\/span><\/p>\n<p><span style=\"color: #000000;\">En ese sentido, explic\u00f3 que el retiro de la confianza de la procuradora especial para el caso Odebrecht, Katherine Ampuero, se debi\u00f3 a que no asumi\u00f3 su responsabilidad de acuerdo al Decreto de Urgencia 003 y present\u00f3 adem\u00e1s una medida de inhibici\u00f3n de venta, con lo cual Olmos no puede ser vendido.<\/span><\/p>\n<p><span style=\"color: #000000;\">\u201cCon esto no podr\u00e1 ser vendido hasta dentro de un a\u00f1o, con lo cual nos condena como Estado peruano a mantener a una empresa corrupta, que adem\u00e1s puede quebrar y que adem\u00e1s no van a tener ni un centavo de los bancos\u201d, dijo.<\/span><\/p>\n<p><span style=\"color: #000000;\">Consultada, sobre la posibilidad de ir al Congreso para explicar este caso, la ministra mostr\u00f3 su disposici\u00f3n de ir al Legislativo cuando sea citada.<\/span><\/p>\n<p><span style=\"color: #000000;\">\u201cEncantados de explicar todo lo que se tenga que explicar sobre Olmos, es una venta que nos interesa, le interesa al Estado peruano que la empresa Odebrecht se vaya\u201d, dijo.<\/span><\/p>\n<p><span style=\"color: #000000;\">Finalmente, la ministra P\u00e9rez Tello inform\u00f3 que ya est\u00e1n evaluando el nombre de otros profesionales con experiencia en litigios para reemplazar a Ampuero en la Procuradur\u00eda.<\/span><\/p>\n<p><span style=\"color: #000000;\">\u201cEl rol del procurador es garantizar el pago de la reparaci\u00f3n civil, si no tienen claro eso, entonces pasar\u00e1n este tipo de confusiones\u201d, subray\u00f3.<\/span><\/p>\n","protected":false},"excerpt":{"rendered":"<p>La ministra de Justicia, Mar\u00eda Soledad P\u00e9rez Tello, consider\u00f3 que la empresa Odebrecht, vinculada a casos de corrupci\u00f3n internacional, tendr\u00e1 que pagar la reparaci\u00f3n civil antes de irse del pa\u00eds. Lima, 20 Julio 2017, (ANDINA).- La ministra de Justicia y Derechos Humanos, Mar\u00eda Soledad P\u00e9rez Tello, consider\u00f3 que la empresa brasile\u00f1a Odebrecht, vinculada a casos [&hellip;]<\/p>\n","protected":false},"author":1,"featured_media":5799,"comment_status":"open","ping_status":"open","sticky":false,"template":"","format":"standard","meta":{"rop_custom_images_group":[],"rop_custom_messages_group":[],"rop_publish_now":"initial","rop_publish_now_accounts":[],"rop_publish_now_history":[],"rop_publish_now_status":"pending","footnotes":""},"categories":[5],"tags":[1935,1115,619],"class_list":["post-13423","post","type-post","status-publish","format-standard","has-post-thumbnail","hentry","category-actualidad-informativa","tag-katherine-ampuero","tag-maria-soledad-perez-tello","tag-odebrecht"],"_links":{"self":[{"href":"https:\/\/elinformanteperu.com\/index.php\/wp-json\/wp\/v2\/posts\/13423","targetHints":{"allow":["GET"]}}],"collection":[{"href":"https:\/\/elinformanteperu.com\/index.php\/wp-json\/wp\/v2\/posts"}],"about":[{"href":"https:\/\/elinformanteperu.com\/index.php\/wp-json\/wp\/v2\/types\/post"}],"author":[{"embeddable":true,"href":"https:\/\/elinformanteperu.com\/index.php\/wp-json\/wp\/v2\/users\/1"}],"replies":[{"embeddable":true,"href":"https:\/\/elinformanteperu.com\/index.php\/wp-json\/wp\/v2\/comments?post=13423"}],"version-history":[{"count":1,"href":"https:\/\/elinformanteperu.com\/index.php\/wp-json\/wp\/v2\/posts\/13423\/revisions"}],"predecessor-version":[{"id":13424,"href":"https:\/\/elinformanteperu.com\/index.php\/wp-json\/wp\/v2\/posts\/13423\/revisions\/13424"}],"wp:featuredmedia":[{"embeddable":true,"href":"https:\/\/elinformanteperu.com\/index.php\/wp-json\/wp\/v2\/media\/5799"}],"wp:attachment":[{"href":"https:\/\/elinformanteperu.com\/index.php\/wp-json\/wp\/v2\/media?parent=13423"}],"wp:term":[{"taxonomy":"category","embeddable":true,"href":"https:\/\/elinformanteperu.com\/index.php\/wp-json\/wp\/v2\/categories?post=13423"},{"taxonomy":"post_tag","embeddable":true,"href":"https:\/\/elinformanteperu.com\/index.php\/wp-json\/wp\/v2\/tags?post=13423"}],"curies":[{"name":"wp","href":"https:\/\/api.w.org\/{rel}","templated":true}]}}