{"id":13421,"date":"2017-07-21T00:50:43","date_gmt":"2017-07-21T05:50:43","guid":{"rendered":"http:\/\/elinformanteperu.com\/?p=13421"},"modified":"2017-07-21T00:50:43","modified_gmt":"2017-07-21T05:50:43","slug":"kuczynski-ministra-de-justicia-actuo-bien-en-retiro-de-confianza-a-procuradora","status":"publish","type":"post","link":"https:\/\/elinformanteperu.com\/index.php\/2017\/07\/21\/kuczynski-ministra-de-justicia-actuo-bien-en-retiro-de-confianza-a-procuradora\/","title":{"rendered":"Kuczynski: ministra de Justicia actu\u00f3 bien en retiro de confianza a procuradora"},"content":{"rendered":"<p><strong><span style=\"color: #000000;\">El Presidente Pedro Pablo Kuczynski, consider\u00f3 que la ministra de Justicia y Derechos Humanos, Mar\u00eda Soledad P\u00e9rez Tello, actu\u00f3 correctamente.<\/span><\/strong><\/p>\n<p><span style=\"color: #000000;\"><strong>Lima, 20 Julio 2017, (ANDINA).-<\/strong> El Presidente de la Rep\u00fablica, Pedro Pablo Kuczynski, consider\u00f3 que la ministra de Justicia y Derechos Humanos, Mar\u00eda Soledad P\u00e9rez Tello, actu\u00f3 correctamente en la decisi\u00f3n de retirarle la confianza a la procuradora especial para el caso Odebrecht, Katherine Ampuero.<\/span><\/p>\n<p><span style=\"color: #000000;\">\u201cEste es un tema del Ministerio de Justicia y estoy seguro de que la ministra (Mar\u00eda Soledad P\u00e9rez Tello) actu\u00f3 bien\u201d, sostuvo el Mandatario en un breve encuentro con la prensa tras la supervisi\u00f3n de la entrega de m\u00f3dulos de vivienda temporales en el centro poblado El Milagro, distrito de Huanchaco, en La Libertad.<\/span><\/p>\n<p><span style=\"color: #000000;\">La propia ministra de Justicia hab\u00eda anunciado en la v\u00edspera el retiro de la confianza a la procuradora Katherine Ampuero y descart\u00f3 alg\u00fan tipo de injerencia pol\u00edtica.<\/span><\/p>\n<p><span style=\"color: #000000;\">Sobre su pr\u00f3ximo mensaje del 28 de julio el Mandatario pidi\u00f3 paciencia, y respecto a alg\u00fan cambio ministerial dijo que podr\u00eda haber \u201cuno que otro\u201d.<\/span><\/p>\n<p><span style=\"color: #000000;\">Tambi\u00e9n fue consultado sobre la continuidad en el cargo del actual ministro del Interior, Carlos Basombr\u00edo, ante lo cual precis\u00f3 que \u00e9l \u201cseguir\u00e1 al pie del ca\u00f1\u00f3n\u201d.<\/span><\/p>\n<p><span style=\"color: #000000;\">Sobre el proyecto de irrigaci\u00f3n Chavimochic, Kuczynski indic\u00f3 que \u201cse halla en plena discusi\u00f3n para retomar la construcci\u00f3n de la presa que est\u00e1 casi terminada, con lo cual ya se pondr\u00e1 el proyecto a andar\u201d.<\/span><\/p>\n<p><span style=\"color: #000000;\">En el marco del proceso de Reconstrucci\u00f3n con Cambios, el presidente Pedro Pablo Kuczynski arrib\u00f3 esta ma\u00f1ana a la regi\u00f3n La Libertad a fin de entregar m\u00f3dulos de vivienda e inspeccionar la rehabilitaci\u00f3n en la quebrada San Ildefonso, una de las zonas m\u00e1s afectadas por los desastres naturales.<\/span><\/p>\n","protected":false},"excerpt":{"rendered":"<p>El Presidente Pedro Pablo Kuczynski, consider\u00f3 que la ministra de Justicia y Derechos Humanos, Mar\u00eda Soledad P\u00e9rez Tello, actu\u00f3 correctamente. Lima, 20 Julio 2017, (ANDINA).- El Presidente de la Rep\u00fablica, Pedro Pablo Kuczynski, consider\u00f3 que la ministra de Justicia y Derechos Humanos, Mar\u00eda Soledad P\u00e9rez Tello, actu\u00f3 correctamente en la decisi\u00f3n de retirarle la confianza [&hellip;]<\/p>\n","protected":false},"author":1,"featured_media":11192,"comment_status":"open","ping_status":"open","sticky":false,"template":"","format":"standard","meta":{"rop_custom_images_group":[],"rop_custom_messages_group":[],"rop_publish_now":"initial","rop_publish_now_accounts":[],"rop_publish_now_history":[],"rop_publish_now_status":"pending","footnotes":""},"categories":[5],"tags":[1935,1115,74],"class_list":["post-13421","post","type-post","status-publish","format-standard","has-post-thumbnail","hentry","category-actualidad-informativa","tag-katherine-ampuero","tag-maria-soledad-perez-tello","tag-pedro-pablo-kuczynski"],"_links":{"self":[{"href":"https:\/\/elinformanteperu.com\/index.php\/wp-json\/wp\/v2\/posts\/13421","targetHints":{"allow":["GET"]}}],"collection":[{"href":"https:\/\/elinformanteperu.com\/index.php\/wp-json\/wp\/v2\/posts"}],"about":[{"href":"https:\/\/elinformanteperu.com\/index.php\/wp-json\/wp\/v2\/types\/post"}],"author":[{"embeddable":true,"href":"https:\/\/elinformanteperu.com\/index.php\/wp-json\/wp\/v2\/users\/1"}],"replies":[{"embeddable":true,"href":"https:\/\/elinformanteperu.com\/index.php\/wp-json\/wp\/v2\/comments?post=13421"}],"version-history":[{"count":1,"href":"https:\/\/elinformanteperu.com\/index.php\/wp-json\/wp\/v2\/posts\/13421\/revisions"}],"predecessor-version":[{"id":13422,"href":"https:\/\/elinformanteperu.com\/index.php\/wp-json\/wp\/v2\/posts\/13421\/revisions\/13422"}],"wp:featuredmedia":[{"embeddable":true,"href":"https:\/\/elinformanteperu.com\/index.php\/wp-json\/wp\/v2\/media\/11192"}],"wp:attachment":[{"href":"https:\/\/elinformanteperu.com\/index.php\/wp-json\/wp\/v2\/media?parent=13421"}],"wp:term":[{"taxonomy":"category","embeddable":true,"href":"https:\/\/elinformanteperu.com\/index.php\/wp-json\/wp\/v2\/categories?post=13421"},{"taxonomy":"post_tag","embeddable":true,"href":"https:\/\/elinformanteperu.com\/index.php\/wp-json\/wp\/v2\/tags?post=13421"}],"curies":[{"name":"wp","href":"https:\/\/api.w.org\/{rel}","templated":true}]}}