{"id":134191,"date":"2025-01-29T00:33:44","date_gmt":"2025-01-29T05:33:44","guid":{"rendered":"https:\/\/elinformanteperu.com\/?p=134191"},"modified":"2025-01-29T00:33:44","modified_gmt":"2025-01-29T05:33:44","slug":"juan-jose-ore-echo-la-culpa-a-los-clubes-y-a-la-fpf-por-el-fracaso-de-la-sub-20","status":"publish","type":"post","link":"https:\/\/elinformanteperu.com\/index.php\/2025\/01\/29\/juan-jose-ore-echo-la-culpa-a-los-clubes-y-a-la-fpf-por-el-fracaso-de-la-sub-20\/","title":{"rendered":"Juan Jos\u00e9 Or\u00e9 ech\u00f3 la culpa a los clubes y a la FPF por el fracaso de la Sub-20"},"content":{"rendered":"<p><strong><span style=\"color: #000000;\">El t\u00e9cnico nacional dijo que se le debe obligar a los equipos a trabajar con las divisiones menores<\/span><\/strong><\/p>\n<p><span style=\"color: #000000;\"><strong>Lima, 28 de enero 2025, (ANDINA).-<\/strong> El t\u00e9cnico peruano Juan Jos\u00e9 Or\u00e9 admiti\u00f3 este martes que los clubes son los principales responsables de los malos resultados que obtienen las selecciones peruanas en las categor\u00edas menores debido a que no apuestan por trabajar en esas divisiones.<\/span><\/p>\n<p><span style=\"color: #000000;\">Tras la derrota (3-2) sufrida ante Chile por el Sudamericano Sub-20, que se juega en Venezuela, la selecci\u00f3n peruana de esa categor\u00eda vuelve estar en ojo cr\u00edtico debido a que se sum\u00f3 un nuevo fracaso y seguir\u00e1 siendo una de las dos selecciones sudamericanas que jam\u00e1s clasific\u00f3 a un Mundial Sub-20.<\/span><\/p>\n<p><span style=\"color: #000000;\">Uno de los primeros en salir a hablar sobre la dolorosa realidad peruana en divisiones menores fue Juan Jos\u00e9 Or\u00e9, quien culp\u00f3 a la Federaci\u00f3n Peruana de F\u00fatbol y a los clubes por esta situaci\u00f3n.<\/span><\/p>\n<p><span style=\"color: #000000;\">\u00abEstos torneos cortos son muy dif\u00edciles, sobre todo para nosotros los peruanos y en este tiempo m\u00e1s porque se le da poca importancia al trabajo de menores, entonces es m\u00e1s dif\u00edcil. En estos torneos hay que comenzar bien porque es torneo corto\u00bb, se\u00f1al\u00f3 Or\u00e9.<\/span><\/p>\n<p><span style=\"color: #000000;\">En otro momento, el entrenador mostr\u00f3 su molestia por el hecho de que la FPF no obliga a los clubes a tener divisiones menores y por tanto no hay de donde sacar a los nuevos valores para alimentar a las selecciones nacionales.<\/span><\/p>\n<p><span style=\"color: #000000;\">\u00abLos clubes son los primeros responsables porque los jugadores pertenecen a los equipos y ac\u00e1 se est\u00e1 trabajando poco en eso, cada vez es m\u00e1s dif\u00edcil. La Federaci\u00f3n tiene mucha culpa porque no obliga a los clubes a que tengan divisiones menores. Los equipos est\u00e1n preocupados en el divisi\u00f3n mayor y cada vez traen a m\u00e1s jugadores extranjeros. No estoy en contra de eso, pero es una barbaridad tener 6 jugadores for\u00e1neos m\u00e1s los que est\u00e1n nacionalizados\u00bb, recalc\u00f3.<\/span><\/p>\n<p><strong><span style=\"color: #000000;\">Entrenadores capacitados<\/span><\/strong><\/p>\n<p><span style=\"color: #000000;\">Juan Jos\u00e9 Or\u00e9 no se qued\u00f3 callado y dijo que en las divisiones menores deben trabajar entrenadores capacitados y no aquellos que alternan su trabajo con los mayores.<\/span><\/p>\n<p><span style=\"color: #000000;\">\u00abHe dicho en muchas oportunidades que el entrenador de menores debe trabajar en menores, no puedo estar un d\u00eda entrenando a mayores y otro a menores. En menores hay que tener mucha paciencia, trabajar mucho, tener procesos. Tendr\u00eda que salir de la Federaci\u00f3n el reglamento que todos los equipos deben tener todas las categor\u00edas menores y con buenos t\u00e9cnicos, los clubes deben contratar formadores\u00bb, finaliz\u00f3.<\/span><\/p>\n<p><span style=\"color: #000000;\">En el presente Sudamericano Sub-20, la escuadra nacional ya ha jugado tres partidos de los cuales suma tres derrota (2-1 ante Paraguay, 4-0 ante Venezuela y 3-2 ante Chile), situaci\u00f3n que lo dej\u00f3 sin chances de avanzar al hexagonal final a pesar de que le resta un \u00faltimo cotejo ante Uruguay.<\/span><\/p>\n<p><a href=\"https:\/\/elinformanteperu.com\/wp-content\/uploads\/2022\/12\/chemo-menores-fpf.jpg\"><img fetchpriority=\"high\" decoding=\"async\" class=\"size-large wp-image-116933 aligncenter\" src=\"https:\/\/elinformanteperu.com\/wp-content\/uploads\/2022\/12\/chemo-menores-fpf-1024x683.jpg\" alt=\"\" width=\"615\" height=\"410\" srcset=\"https:\/\/elinformanteperu.com\/wp-content\/uploads\/2022\/12\/chemo-menores-fpf-1024x683.jpg 1024w, https:\/\/elinformanteperu.com\/wp-content\/uploads\/2022\/12\/chemo-menores-fpf-300x200.jpg 300w, https:\/\/elinformanteperu.com\/wp-content\/uploads\/2022\/12\/chemo-menores-fpf-768x512.jpg 768w, https:\/\/elinformanteperu.com\/wp-content\/uploads\/2022\/12\/chemo-menores-fpf-1536x1024.jpg 1536w, https:\/\/elinformanteperu.com\/wp-content\/uploads\/2022\/12\/chemo-menores-fpf.jpg 1800w\" sizes=\"(max-width: 615px) 100vw, 615px\" \/><\/a><\/p>\n","protected":false},"excerpt":{"rendered":"<p>El t\u00e9cnico nacional dijo que se le debe obligar a los equipos a trabajar con las divisiones menores Lima, 28 de enero 2025, (ANDINA).- El t\u00e9cnico peruano Juan Jos\u00e9 Or\u00e9 admiti\u00f3 este martes que los clubes son los principales responsables de los malos resultados que obtienen las selecciones peruanas en las categor\u00edas menores debido a [&hellip;]<\/p>\n","protected":false},"author":1,"featured_media":134192,"comment_status":"closed","ping_status":"closed","sticky":false,"template":"","format":"standard","meta":{"rop_custom_images_group":[],"rop_custom_messages_group":[],"rop_publish_now":"initial","rop_publish_now_accounts":[],"rop_publish_now_history":[],"rop_publish_now_status":"pending","footnotes":""},"categories":[8],"tags":[270],"class_list":["post-134191","post","type-post","status-publish","format-standard","has-post-thumbnail","hentry","category-disciplinas-deportivas","tag-juan-jose-ore"],"_links":{"self":[{"href":"https:\/\/elinformanteperu.com\/index.php\/wp-json\/wp\/v2\/posts\/134191","targetHints":{"allow":["GET"]}}],"collection":[{"href":"https:\/\/elinformanteperu.com\/index.php\/wp-json\/wp\/v2\/posts"}],"about":[{"href":"https:\/\/elinformanteperu.com\/index.php\/wp-json\/wp\/v2\/types\/post"}],"author":[{"embeddable":true,"href":"https:\/\/elinformanteperu.com\/index.php\/wp-json\/wp\/v2\/users\/1"}],"replies":[{"embeddable":true,"href":"https:\/\/elinformanteperu.com\/index.php\/wp-json\/wp\/v2\/comments?post=134191"}],"version-history":[{"count":1,"href":"https:\/\/elinformanteperu.com\/index.php\/wp-json\/wp\/v2\/posts\/134191\/revisions"}],"predecessor-version":[{"id":134193,"href":"https:\/\/elinformanteperu.com\/index.php\/wp-json\/wp\/v2\/posts\/134191\/revisions\/134193"}],"wp:featuredmedia":[{"embeddable":true,"href":"https:\/\/elinformanteperu.com\/index.php\/wp-json\/wp\/v2\/media\/134192"}],"wp:attachment":[{"href":"https:\/\/elinformanteperu.com\/index.php\/wp-json\/wp\/v2\/media?parent=134191"}],"wp:term":[{"taxonomy":"category","embeddable":true,"href":"https:\/\/elinformanteperu.com\/index.php\/wp-json\/wp\/v2\/categories?post=134191"},{"taxonomy":"post_tag","embeddable":true,"href":"https:\/\/elinformanteperu.com\/index.php\/wp-json\/wp\/v2\/tags?post=134191"}],"curies":[{"name":"wp","href":"https:\/\/api.w.org\/{rel}","templated":true}]}}