{"id":134188,"date":"2025-01-29T00:30:09","date_gmt":"2025-01-29T05:30:09","guid":{"rendered":"https:\/\/elinformanteperu.com\/?p=134188"},"modified":"2025-01-29T00:30:09","modified_gmt":"2025-01-29T05:30:09","slug":"zambrano-rompio-su-silencio-y-respaldo-a-victor-guzman-es-un-gran-jugador","status":"publish","type":"post","link":"https:\/\/elinformanteperu.com\/index.php\/2025\/01\/29\/zambrano-rompio-su-silencio-y-respaldo-a-victor-guzman-es-un-gran-jugador\/","title":{"rendered":"Zambrano rompi\u00f3 su silencio y respald\u00f3 a V\u00edctor Guzm\u00e1n: \u00abEs un gran jugador\u00bb"},"content":{"rendered":"<p><strong><span style=\"color: #000000;\">El defensa nacional arremeti\u00f3 ante las cr\u00edticas que ha recibido el V\u00edctor Guzm\u00e1n en el Sudamericano Sub 20.<\/span><\/strong><\/p>\n<p><span style=\"color: #000000;\"><strong>Lima, 28 de enero 2025, (ANDINA).-<\/strong> La Selecci\u00f3n Peruana Sub 20 qued\u00f3 fuera del Sudamericano 2025 antes de su \u00faltimo partido de grupos, un desenlace previsible seg\u00fan los resultados juveniles recientes. Carlos Zambrano, referente de la selecci\u00f3n absoluta, se\u00f1al\u00f3 que esto refleja un patr\u00f3n de a\u00f1os anteriores.<\/span><\/p>\n<p><span style=\"color: #000000;\">Uno de los nombres que m\u00e1s ha sonado tras esta eliminaci\u00f3n es el de V\u00edctor Guzm\u00e1n, delantero de Alianza Lima. Guzm\u00e1n fue titular en los dos primeros partidos del certamen y tuvo minutos en el enfrentamiento ante los equipos del sur del continente. Pese a ello, no ha logrado mostrar el rendimiento que lo llev\u00f3 a destacar en la reserva de su club y a ganarse un lugar en el primer equipo \u00edntimo.<\/span><\/p>\n<p><span style=\"color: #000000;\">\u201cEs duro para todos. Uno como hincha o jugador espera siempre lo mejor y a veces los resultados no se dan, pero tampoco va a sorprender sinceramente porque en los \u00faltimos Sub 20 y Sub 17 Per\u00fa no ha llegado lejos. Es una pena eso, solo tenemos que seguir trabajando de cara al futuro ya que hoy no somos potencia y creo que se est\u00e1 reflejando eso en la selecci\u00f3n\u201d, coment\u00f3.<\/span><\/p>\n<p><strong><span style=\"color: #000000;\">Zambrano sobre Guzm\u00e1n<\/span><\/strong><\/p>\n<p><span style=\"color: #000000;\">En medio de las cr\u00edticas hacia Guzm\u00e1n, Zambrano expres\u00f3 su respaldo al joven atacante. Seg\u00fan el defensor, no es justo responsabilizar a un solo jugador por el desempe\u00f1o del equipo en el torneo. \u201cYo lo conozco, tengo mi punto de vista. Es un gran jugador. Es un equipo, no juega \u00e9l solo, no s\u00e9 por qu\u00e9 se ensa\u00f1an con un futbolista\u201d, se\u00f1al\u00f3.<\/span><\/p>\n<p><span style=\"color: #000000;\">Adem\u00e1s, el \u00b4Kaiser\u00b4 destac\u00f3 el trabajo del atacante en Alianza Lima y pidi\u00f3 que las cr\u00edticas no afecten su desarrollo. \u201cAqu\u00ed en Alianza Lima viene haciendo las cosas bien y espero que eso no lo desmotive, porque las cr\u00edticas siempre van a estar y depende de cada uno tener la cabeza fuerte y ser uno mismo\u201d, agreg\u00f3.<\/span><\/p>\n<p><span style=\"color: #000000;\">Finalmente, el defensor record\u00f3 que el f\u00fatbol es un deporte colectivo y que, en el caso de la Sub 20, son 23 los futbolistas que conforman el equipo. Por ello, inst\u00f3 a los aficionados y cr\u00edticos a evitar personalizar los resultados en un solo jugador y a seguir trabajando para que las futuras generaciones logren mejores desempe\u00f1os.<\/span><\/p>\n<blockquote class=\"twitter-tweet\" data-media-max-width=\"560\">\n<p dir=\"ltr\" lang=\"es\">\ud83d\udde3\ufe0f Carlos Zambrano sobre la selecci\u00f3n sub 20 y cr\u00edticas a V\u00edctor Guzm\u00e1n: \u00abUno como hincha, como jugador, siempre espera lo mejor y a veces los resultados no se dan pero tampoco es para sorprenderse. Guzm\u00e1n es un gran jugador, son un equipo, no juega \u00e9l solo, no s\u00e9 por qu\u00e9 se\u2026 <a href=\"https:\/\/t.co\/Hx3FEg8G7g\">pic.twitter.com\/Hx3FEg8G7g<\/a><\/p>\n<p>\u2014 Ovacion.pe (@ovacionweb) <a href=\"https:\/\/twitter.com\/ovacionweb\/status\/1884277776749854751?ref_src=twsrc%5Etfw\">January 28, 2025<\/a><\/p><\/blockquote>\n<p><script async src=\"https:\/\/platform.twitter.com\/widgets.js\" charset=\"utf-8\"><\/script><\/p>\n","protected":false},"excerpt":{"rendered":"<p>El defensa nacional arremeti\u00f3 ante las cr\u00edticas que ha recibido el V\u00edctor Guzm\u00e1n en el Sudamericano Sub 20. Lima, 28 de enero 2025, (ANDINA).- La Selecci\u00f3n Peruana Sub 20 qued\u00f3 fuera del Sudamericano 2025 antes de su \u00faltimo partido de grupos, un desenlace previsible seg\u00fan los resultados juveniles recientes. Carlos Zambrano, referente de la selecci\u00f3n [&hellip;]<\/p>\n","protected":false},"author":1,"featured_media":134189,"comment_status":"closed","ping_status":"closed","sticky":false,"template":"","format":"standard","meta":{"rop_custom_images_group":[],"rop_custom_messages_group":[],"rop_publish_now":"initial","rop_publish_now_accounts":[],"rop_publish_now_history":[],"rop_publish_now_status":"pending","footnotes":""},"categories":[8],"tags":[1885,7613,8201],"class_list":["post-134188","post","type-post","status-publish","format-standard","has-post-thumbnail","hentry","category-disciplinas-deportivas","tag-carlos-zambrano","tag-sub-20-2025","tag-victor-guzman"],"_links":{"self":[{"href":"https:\/\/elinformanteperu.com\/index.php\/wp-json\/wp\/v2\/posts\/134188","targetHints":{"allow":["GET"]}}],"collection":[{"href":"https:\/\/elinformanteperu.com\/index.php\/wp-json\/wp\/v2\/posts"}],"about":[{"href":"https:\/\/elinformanteperu.com\/index.php\/wp-json\/wp\/v2\/types\/post"}],"author":[{"embeddable":true,"href":"https:\/\/elinformanteperu.com\/index.php\/wp-json\/wp\/v2\/users\/1"}],"replies":[{"embeddable":true,"href":"https:\/\/elinformanteperu.com\/index.php\/wp-json\/wp\/v2\/comments?post=134188"}],"version-history":[{"count":1,"href":"https:\/\/elinformanteperu.com\/index.php\/wp-json\/wp\/v2\/posts\/134188\/revisions"}],"predecessor-version":[{"id":134190,"href":"https:\/\/elinformanteperu.com\/index.php\/wp-json\/wp\/v2\/posts\/134188\/revisions\/134190"}],"wp:featuredmedia":[{"embeddable":true,"href":"https:\/\/elinformanteperu.com\/index.php\/wp-json\/wp\/v2\/media\/134189"}],"wp:attachment":[{"href":"https:\/\/elinformanteperu.com\/index.php\/wp-json\/wp\/v2\/media?parent=134188"}],"wp:term":[{"taxonomy":"category","embeddable":true,"href":"https:\/\/elinformanteperu.com\/index.php\/wp-json\/wp\/v2\/categories?post=134188"},{"taxonomy":"post_tag","embeddable":true,"href":"https:\/\/elinformanteperu.com\/index.php\/wp-json\/wp\/v2\/tags?post=134188"}],"curies":[{"name":"wp","href":"https:\/\/api.w.org\/{rel}","templated":true}]}}