{"id":134178,"date":"2025-01-28T20:05:44","date_gmt":"2025-01-29T01:05:44","guid":{"rendered":"https:\/\/elinformanteperu.com\/?p=134178"},"modified":"2025-01-28T20:05:44","modified_gmt":"2025-01-29T01:05:44","slug":"paolo-guerrero-asegura-que-ante-nacional-de-paraguay-sera-una-final","status":"publish","type":"post","link":"https:\/\/elinformanteperu.com\/index.php\/2025\/01\/28\/paolo-guerrero-asegura-que-ante-nacional-de-paraguay-sera-una-final\/","title":{"rendered":"Paolo Guerrero asegura que ante Nacional de Paraguay \u00abser\u00e1 una final\u00bb"},"content":{"rendered":"<p><strong><span style=\"color: #000000;\">El capit\u00e1n manifest\u00f3 los refuerzos se han integrado r\u00e1pido al grupo porque tienen ganas de trabajar<\/span><\/strong><\/p>\n<p><span style=\"color: #000000;\"><strong>Lima, 28 de enero 2025, (ANDINA).-<\/strong> El capit\u00e1n de Alianza Lima, Paolo Guerrero, asegur\u00f3 este martes que el t\u00e9cnico N\u00e9stor Gorosito los est\u00e1 mentalizando de que ante Nacional de Paraguay, por Copa Libertadores, se debe jugar como una final y es por ello el grupo se encuentra convencido de lo que tiene que hacer.<\/span><\/p>\n<p><span style=\"color: #000000;\">El experimentado delantero &#8216;\u00edntimo&#8217; dio algunos detalles del trabajo que realizan de cara a afrontar los nuevos retos como enfrentar a Nacional de Paraguay por la Fase 1 (etapa previa) de la Copa Libertadores y la Liga 1 2025.<\/span><\/p>\n<p><span style=\"color: #000000;\">Tambi\u00e9n se refiri\u00f3 a los nuevos jugadores que llegaron para reforzar al equipo en la presente temporada y en ese sentido precis\u00f3 que son elementos con ganas de trabajar. Recalc\u00f3 que todo el grupo de futbolistas est\u00e1 convencido lo que tiene que hacer.<\/span><\/p>\n<p><span style=\"color: #000000;\">\u00abSe est\u00e1 formando un nuevo plantel, un nuevo grupo, los nuevos compa\u00f1eros se est\u00e1n integrando muy r\u00e1pido al grupo, tienen las ganas de trabajar, la seriedad, el respeto, la disciplina. El grupo est\u00e1 convencido de lo que tiene que hacer, las cosas importantes que se juega sobre todo en el comienzo de esta temporada\u00bb, dijo Guerrero.<\/span><\/p>\n<p><span style=\"color: #000000;\">Asimismo, enfatiz\u00f3 que ante Nacional, el pr\u00f3ximo 5 (partido de ida) y 12 de febrero (partido de vuelta), se jugar\u00e1n una final, ya que el t\u00e9cnico N\u00e9stor Gorosito se est\u00e1 introduciendo el chip de que esos partidos se deben jugar como si fuera el \u00faltimo.<\/span><\/p>\n<p><span style=\"color: #000000;\">\u00abEstamos trabajando, el &#8216;profe&#8217; nos viene metiendo en la cabeza que tenemos ya una final y lo estamos viendo de esa manera. Va a ser un partido s\u00faper importante, primero de visita y despu\u00e9s aqu\u00ed, va a ser una final para todos\u00bb, indic\u00f3.<\/span><\/p>\n<p><span style=\"color: #000000;\">Agreg\u00f3: \u00abEl grupo se va comprendiendo, el &#8216;profe&#8217; va cambiando, viendo con qui\u00e9n conformar el once titular. Todav\u00eda nos quedan unos d\u00edas para prepararnos bien, tenemos un partido el jueves y esperamos que los hinchas de Alianza puedan estar presentes. Buscamos hacer un gran partido y quedar listos para el 5\u00bb, destac\u00f3.<\/span><\/p>\n<p><span style=\"color: #000000;\">Como se sabe, Alianza Lima enfrentar\u00e1 este jueves 30 de enero, a las 20:00 horas, al Aucas de Ecuador en el Estadio Alejandro Villanueva en el \u00faltimo partidos amistoso internacional con miras a afrontar la temporada 2025.<\/span><\/p>\n<blockquote class=\"twitter-tweet\">\n<p dir=\"ltr\" lang=\"es\">\ud83d\udd25 \u00a1Atenci\u00f3n Blanquiazul! \ud83d\udc99\ud83e\udd0d Este 30\/01 vive el partido vs S.D Aucas\ud83c\udf89\u26bd<\/p>\n<p>\ud83d\udca5 Participar es facilito:<\/p>\n<p>\ud83d\udea8S\u00edguenos, etiqueta a tu causa y comparte este post.<\/p>\n<p>\u2728Plus\u2728 Seguirnos en TikTok como @tiotorito<\/p>\n<p>\ud83d\uddd3 Ganadores se anuncian el mi\u00e9rcoles 29 de enero a las 18:00 p.m.\ud83c\udf40 <a href=\"https:\/\/t.co\/ewrFayxiYn\">pic.twitter.com\/ewrFayxiYn<\/a><\/p>\n<p>\u2014 Loter\u00edas Torito (@loteriastorito) <a href=\"https:\/\/twitter.com\/loteriastorito\/status\/1883983727916900731?ref_src=twsrc%5Etfw\">January 27, 2025<\/a><\/p><\/blockquote>\n<p><script async src=\"https:\/\/platform.twitter.com\/widgets.js\" charset=\"utf-8\"><\/script><\/p>\n","protected":false},"excerpt":{"rendered":"<p>El capit\u00e1n manifest\u00f3 los refuerzos se han integrado r\u00e1pido al grupo porque tienen ganas de trabajar Lima, 28 de enero 2025, (ANDINA).- El capit\u00e1n de Alianza Lima, Paolo Guerrero, asegur\u00f3 este martes que el t\u00e9cnico N\u00e9stor Gorosito los est\u00e1 mentalizando de que ante Nacional de Paraguay, por Copa Libertadores, se debe jugar como una final [&hellip;]<\/p>\n","protected":false},"author":1,"featured_media":134180,"comment_status":"closed","ping_status":"closed","sticky":false,"template":"","format":"standard","meta":{"rop_custom_images_group":[],"rop_custom_messages_group":[],"rop_publish_now":"initial","rop_publish_now_accounts":[],"rop_publish_now_history":[],"rop_publish_now_status":"pending","footnotes":""},"categories":[8],"tags":[8133,203],"class_list":["post-134178","post","type-post","status-publish","format-standard","has-post-thumbnail","hentry","category-disciplinas-deportivas","tag-alianza-lima-2025","tag-paolo-guerrero"],"_links":{"self":[{"href":"https:\/\/elinformanteperu.com\/index.php\/wp-json\/wp\/v2\/posts\/134178","targetHints":{"allow":["GET"]}}],"collection":[{"href":"https:\/\/elinformanteperu.com\/index.php\/wp-json\/wp\/v2\/posts"}],"about":[{"href":"https:\/\/elinformanteperu.com\/index.php\/wp-json\/wp\/v2\/types\/post"}],"author":[{"embeddable":true,"href":"https:\/\/elinformanteperu.com\/index.php\/wp-json\/wp\/v2\/users\/1"}],"replies":[{"embeddable":true,"href":"https:\/\/elinformanteperu.com\/index.php\/wp-json\/wp\/v2\/comments?post=134178"}],"version-history":[{"count":1,"href":"https:\/\/elinformanteperu.com\/index.php\/wp-json\/wp\/v2\/posts\/134178\/revisions"}],"predecessor-version":[{"id":134181,"href":"https:\/\/elinformanteperu.com\/index.php\/wp-json\/wp\/v2\/posts\/134178\/revisions\/134181"}],"wp:featuredmedia":[{"embeddable":true,"href":"https:\/\/elinformanteperu.com\/index.php\/wp-json\/wp\/v2\/media\/134180"}],"wp:attachment":[{"href":"https:\/\/elinformanteperu.com\/index.php\/wp-json\/wp\/v2\/media?parent=134178"}],"wp:term":[{"taxonomy":"category","embeddable":true,"href":"https:\/\/elinformanteperu.com\/index.php\/wp-json\/wp\/v2\/categories?post=134178"},{"taxonomy":"post_tag","embeddable":true,"href":"https:\/\/elinformanteperu.com\/index.php\/wp-json\/wp\/v2\/tags?post=134178"}],"curies":[{"name":"wp","href":"https:\/\/api.w.org\/{rel}","templated":true}]}}