{"id":13417,"date":"2017-07-21T00:38:24","date_gmt":"2017-07-21T05:38:24","guid":{"rendered":"http:\/\/elinformanteperu.com\/?p=13417"},"modified":"2017-07-21T00:38:24","modified_gmt":"2017-07-21T05:38:24","slug":"perez-tello-descarta-injerencia-politica-en-retiro-de-confianza-a-procuradora","status":"publish","type":"post","link":"https:\/\/elinformanteperu.com\/index.php\/2017\/07\/21\/perez-tello-descarta-injerencia-politica-en-retiro-de-confianza-a-procuradora\/","title":{"rendered":"P\u00e9rez Tello descarta injerencia pol\u00edtica en retiro de confianza a procuradora"},"content":{"rendered":"<p><strong><span style=\"color: #000000;\">La ministra de Justicia y Derechos Humanos, Mar\u00eda Soledad P\u00e9rez Tello, descart\u00f3 alg\u00fan tipo de injerencia pol\u00edtica en el retiro de confianza a la procuradora especial para el caso Odebrecht, Katherine Ampuero.<\/span><\/strong><\/p>\n<p><span style=\"color: #000000;\"><strong>Lima, 20 Julio 2017, (ANDINA).-<\/strong> La ministra de Justicia y Derechos Humanos, Mar\u00eda Soledad P\u00e9rez Tello, descart\u00f3 alg\u00fan tipo de injerencia pol\u00edtica en el retiro de confianza a la procuradora especial para el caso Odebrecht, Katherine Ampuero.<\/span><\/p>\n<p><span style=\"color: #000000;\">\u201cAc\u00e1 las decisiones que se plasman en una norma y que son una pol\u00edtica de Estado se cumplen, ac\u00e1 no hay injerencia, la autonom\u00eda de las procuraduras se garantiza\u201d, indic\u00f3.<\/span><\/p>\n<p><span style=\"color: #000000;\">La titular del sector Justicia y Derechos Humanos reiter\u00f3 que a Ampuero se le hab\u00eda perdido la confianza porque no aplic\u00f3 el Decreto de Urgencia 003, lo cual gener\u00f3 un perjuicio econ\u00f3mico al Estado.<\/span><\/p>\n<p><span style=\"color: #000000;\">\u201cLa confianza se le retir\u00f3 a la se\u00f1orita Ampuero porque se neg\u00f3 a aplicar la norma, el Decreto de Urgencia 003, y lejos de aplicarlo ha presentado una medida cautelar de inhibici\u00f3n que condena al Estado peruano a tener un a\u00f1o m\u00e1s a una empresa corrupta (Odebrecht), que no dispone de plata y que no va a tener cr\u00e9dito\u201d, indic\u00f3 a la prensa.<\/span><\/p>\n<p><span style=\"color: #000000;\">\u201cLa confianza se le retir\u00f3 a la se\u00f1orita Ampuero porque se neg\u00f3 a aplicar la norma, el Decreto de Urgencia 003, y lejos de aplicarlo ha presentado una medida cautelar de inhibici\u00f3n que condena al Estado peruano a tener un a\u00f1o m\u00e1s a una empresa corrupta (Odebrecht), que no dispone de plata y que no va a tener cr\u00e9dito\u201d, indic\u00f3 a la prensa.<\/span><\/p>\n<p><span style=\"color: #000000;\">Mencion\u00f3, adem\u00e1s, que Katherine Ampuero debi\u00f3 garantizar el cobro de la reparaci\u00f3n civil a favor del Estado.<\/span><\/p>\n<p><span style=\"color: #000000;\">Descart\u00f3 que el retiro de confianza a Ampuero y el t\u00e9rmino de la designaci\u00f3n de Julia Pr\u00edncipe Trujillo como representante de la ministra de Justicia y Derechos Humanos ante el Consejo de Defensa Jur\u00eddica del Estado (CDJE) signifiquen un traspi\u00e9 en la lucha contra la corrupci\u00f3n.<\/span><\/p>\n<p><span style=\"color: #000000;\">\u201cJulia Pr\u00edncipe no est\u00e1 saliendo porque se le perdi\u00f3 la confianza, a ella quiero dejarle claro que le ratifico mi reconocimiento; a quien se le perdi\u00f3 la confianza es a la procuradora, es la que tiene que salir\u201d, dijo.<\/span><\/p>\n","protected":false},"excerpt":{"rendered":"<p>La ministra de Justicia y Derechos Humanos, Mar\u00eda Soledad P\u00e9rez Tello, descart\u00f3 alg\u00fan tipo de injerencia pol\u00edtica en el retiro de confianza a la procuradora especial para el caso Odebrecht, Katherine Ampuero. Lima, 20 Julio 2017, (ANDINA).- La ministra de Justicia y Derechos Humanos, Mar\u00eda Soledad P\u00e9rez Tello, descart\u00f3 alg\u00fan tipo de injerencia pol\u00edtica en [&hellip;]<\/p>\n","protected":false},"author":1,"featured_media":6277,"comment_status":"open","ping_status":"open","sticky":false,"template":"","format":"standard","meta":{"rop_custom_images_group":[],"rop_custom_messages_group":[],"rop_publish_now":"initial","rop_publish_now_accounts":[],"rop_publish_now_history":[],"rop_publish_now_status":"pending","footnotes":""},"categories":[5],"tags":[196],"class_list":["post-13417","post","type-post","status-publish","format-standard","has-post-thumbnail","hentry","category-actualidad-informativa","tag-marisol-perez-tello"],"_links":{"self":[{"href":"https:\/\/elinformanteperu.com\/index.php\/wp-json\/wp\/v2\/posts\/13417","targetHints":{"allow":["GET"]}}],"collection":[{"href":"https:\/\/elinformanteperu.com\/index.php\/wp-json\/wp\/v2\/posts"}],"about":[{"href":"https:\/\/elinformanteperu.com\/index.php\/wp-json\/wp\/v2\/types\/post"}],"author":[{"embeddable":true,"href":"https:\/\/elinformanteperu.com\/index.php\/wp-json\/wp\/v2\/users\/1"}],"replies":[{"embeddable":true,"href":"https:\/\/elinformanteperu.com\/index.php\/wp-json\/wp\/v2\/comments?post=13417"}],"version-history":[{"count":1,"href":"https:\/\/elinformanteperu.com\/index.php\/wp-json\/wp\/v2\/posts\/13417\/revisions"}],"predecessor-version":[{"id":13418,"href":"https:\/\/elinformanteperu.com\/index.php\/wp-json\/wp\/v2\/posts\/13417\/revisions\/13418"}],"wp:featuredmedia":[{"embeddable":true,"href":"https:\/\/elinformanteperu.com\/index.php\/wp-json\/wp\/v2\/media\/6277"}],"wp:attachment":[{"href":"https:\/\/elinformanteperu.com\/index.php\/wp-json\/wp\/v2\/media?parent=13417"}],"wp:term":[{"taxonomy":"category","embeddable":true,"href":"https:\/\/elinformanteperu.com\/index.php\/wp-json\/wp\/v2\/categories?post=13417"},{"taxonomy":"post_tag","embeddable":true,"href":"https:\/\/elinformanteperu.com\/index.php\/wp-json\/wp\/v2\/tags?post=13417"}],"curies":[{"name":"wp","href":"https:\/\/api.w.org\/{rel}","templated":true}]}}