{"id":134122,"date":"2025-01-27T23:35:49","date_gmt":"2025-01-28T04:35:49","guid":{"rendered":"https:\/\/elinformanteperu.com\/?p=134122"},"modified":"2025-01-27T23:35:49","modified_gmt":"2025-01-28T04:35:49","slug":"corte-de-energia-en-varias-regiones-se-debio-a-falla-en-central-ajena-a-luz-del-sur","status":"publish","type":"post","link":"https:\/\/elinformanteperu.com\/index.php\/2025\/01\/27\/corte-de-energia-en-varias-regiones-se-debio-a-falla-en-central-ajena-a-luz-del-sur\/","title":{"rendered":"Corte de energ\u00eda en varias regiones se debi\u00f3 a falla en central ajena a Luz del Sur"},"content":{"rendered":"<p><span style=\"color: #000000;\"><strong>Lima, 27 de enero 2025, (ANDINA).-<\/strong> El Comit\u00e9 de Operaci\u00f3n Econ\u00f3mica del Sistema Interconectado Nacional (COES) inform\u00f3 que ayer domingo 26 de enero, a las 08:31 a.m., se present\u00f3 una falla t\u00e9cnica en la subestaci\u00f3n el\u00e9ctrica Campo Armi\u00f1o que origin\u00f3 la desconexi\u00f3n de cuatro de las principales plantas de generaci\u00f3n del pa\u00eds que abastecen de energ\u00eda al Sistema El\u00e9ctrico Interconectado Nacional (SEIN) y a las empresas de distribuci\u00f3n el\u00e9ctrica, como Luz del Sur.<\/span><\/p>\n<p><span style=\"color: #000000;\">Seg\u00fan Luz del Sur, distribuidora el\u00e9ctrica con m\u00e1s de 1.3 millones de clientes, el evento estuvo fuera de su control operativo, pues se origin\u00f3 en una central ajena a su operaci\u00f3n.<\/span><\/p>\n<p><a href=\"https:\/\/elinformanteperu.com\/wp-content\/uploads\/2021\/01\/apagon-ano-nuevo-2020-miraflores-surco.jpg\"><img fetchpriority=\"high\" decoding=\"async\" class=\"size-large wp-image-89684 aligncenter\" src=\"https:\/\/elinformanteperu.com\/wp-content\/uploads\/2021\/01\/apagon-ano-nuevo-2020-miraflores-surco-1024x683.jpg\" alt=\"\" width=\"615\" height=\"410\" srcset=\"https:\/\/elinformanteperu.com\/wp-content\/uploads\/2021\/01\/apagon-ano-nuevo-2020-miraflores-surco-1024x683.jpg 1024w, https:\/\/elinformanteperu.com\/wp-content\/uploads\/2021\/01\/apagon-ano-nuevo-2020-miraflores-surco-300x200.jpg 300w, https:\/\/elinformanteperu.com\/wp-content\/uploads\/2021\/01\/apagon-ano-nuevo-2020-miraflores-surco-768x512.jpg 768w, https:\/\/elinformanteperu.com\/wp-content\/uploads\/2021\/01\/apagon-ano-nuevo-2020-miraflores-surco-1536x1024.jpg 1536w, https:\/\/elinformanteperu.com\/wp-content\/uploads\/2021\/01\/apagon-ano-nuevo-2020-miraflores-surco.jpg 1800w\" sizes=\"(max-width: 615px) 100vw, 615px\" \/><\/a><span style=\"color: #000000;\">Una vez autorizada la reconexi\u00f3n por el COES, la empresa restableci\u00f3 r\u00e1pidamente el suministro el\u00e9ctrico en las zonas afectadas, que actualmente operan con normalidad.<\/span><\/p>\n<p><span style=\"color: #000000;\">Luz del Sur reiter\u00f3 su compromiso con garantizar la calidad del servicio en su \u00e1rea de concesi\u00f3n y asegur\u00f3 que continuar\u00e1 informando de manera oportuna sobre cualquier eventualidad.<\/span><\/p>\n<p><span style=\"color: #000000;\">Asimismo, record\u00f3 a sus usuarios que, en caso de interrupciones, pueden consultar su p\u00e1gina web para conocer el estado de su suministro el\u00e9ctrico.<\/span><\/p>\n<p><a href=\"https:\/\/elinformanteperu.com\/wp-content\/uploads\/2024\/11\/lima-noche.jpg\"><img decoding=\"async\" class=\"size-large wp-image-127054 aligncenter\" src=\"https:\/\/elinformanteperu.com\/wp-content\/uploads\/2024\/11\/lima-noche-1024x682.jpg\" alt=\"\" width=\"615\" height=\"410\" srcset=\"https:\/\/elinformanteperu.com\/wp-content\/uploads\/2024\/11\/lima-noche-1024x682.jpg 1024w, https:\/\/elinformanteperu.com\/wp-content\/uploads\/2024\/11\/lima-noche-300x200.jpg 300w, https:\/\/elinformanteperu.com\/wp-content\/uploads\/2024\/11\/lima-noche-768x512.jpg 768w, https:\/\/elinformanteperu.com\/wp-content\/uploads\/2024\/11\/lima-noche-1536x1023.jpg 1536w, https:\/\/elinformanteperu.com\/wp-content\/uploads\/2024\/11\/lima-noche.jpg 1800w\" sizes=\"(max-width: 615px) 100vw, 615px\" \/><\/a><\/p>\n","protected":false},"excerpt":{"rendered":"<p>Lima, 27 de enero 2025, (ANDINA).- El Comit\u00e9 de Operaci\u00f3n Econ\u00f3mica del Sistema Interconectado Nacional (COES) inform\u00f3 que ayer domingo 26 de enero, a las 08:31 a.m., se present\u00f3 una falla t\u00e9cnica en la subestaci\u00f3n el\u00e9ctrica Campo Armi\u00f1o que origin\u00f3 la desconexi\u00f3n de cuatro de las principales plantas de generaci\u00f3n del pa\u00eds que abastecen de [&hellip;]<\/p>\n","protected":false},"author":1,"featured_media":134123,"comment_status":"closed","ping_status":"closed","sticky":false,"template":"","format":"standard","meta":{"rop_custom_images_group":[],"rop_custom_messages_group":[],"rop_publish_now":"initial","rop_publish_now_accounts":[],"rop_publish_now_history":[],"rop_publish_now_status":"pending","footnotes":""},"categories":[10,5745],"tags":[5916],"class_list":["post-134122","post","type-post","status-publish","format-standard","has-post-thumbnail","hentry","category-actualidad-municipal","category-lo-ultimo","tag-luz-del-sur"],"_links":{"self":[{"href":"https:\/\/elinformanteperu.com\/index.php\/wp-json\/wp\/v2\/posts\/134122","targetHints":{"allow":["GET"]}}],"collection":[{"href":"https:\/\/elinformanteperu.com\/index.php\/wp-json\/wp\/v2\/posts"}],"about":[{"href":"https:\/\/elinformanteperu.com\/index.php\/wp-json\/wp\/v2\/types\/post"}],"author":[{"embeddable":true,"href":"https:\/\/elinformanteperu.com\/index.php\/wp-json\/wp\/v2\/users\/1"}],"replies":[{"embeddable":true,"href":"https:\/\/elinformanteperu.com\/index.php\/wp-json\/wp\/v2\/comments?post=134122"}],"version-history":[{"count":1,"href":"https:\/\/elinformanteperu.com\/index.php\/wp-json\/wp\/v2\/posts\/134122\/revisions"}],"predecessor-version":[{"id":134124,"href":"https:\/\/elinformanteperu.com\/index.php\/wp-json\/wp\/v2\/posts\/134122\/revisions\/134124"}],"wp:featuredmedia":[{"embeddable":true,"href":"https:\/\/elinformanteperu.com\/index.php\/wp-json\/wp\/v2\/media\/134123"}],"wp:attachment":[{"href":"https:\/\/elinformanteperu.com\/index.php\/wp-json\/wp\/v2\/media?parent=134122"}],"wp:term":[{"taxonomy":"category","embeddable":true,"href":"https:\/\/elinformanteperu.com\/index.php\/wp-json\/wp\/v2\/categories?post=134122"},{"taxonomy":"post_tag","embeddable":true,"href":"https:\/\/elinformanteperu.com\/index.php\/wp-json\/wp\/v2\/tags?post=134122"}],"curies":[{"name":"wp","href":"https:\/\/api.w.org\/{rel}","templated":true}]}}