{"id":134111,"date":"2025-01-27T23:13:48","date_gmt":"2025-01-28T04:13:48","guid":{"rendered":"https:\/\/elinformanteperu.com\/?p=134111"},"modified":"2025-01-27T23:13:48","modified_gmt":"2025-01-28T04:13:48","slug":"calor-extremo-en-tumbes-recomiendan-uso-de-sombrero-y-lentes-por-la-alta-radiacion-uv","status":"publish","type":"post","link":"https:\/\/elinformanteperu.com\/index.php\/2025\/01\/27\/calor-extremo-en-tumbes-recomiendan-uso-de-sombrero-y-lentes-por-la-alta-radiacion-uv\/","title":{"rendered":"Calor extremo en Tumbes: recomiendan uso de sombrero y lentes por la alta radiaci\u00f3n UV"},"content":{"rendered":"<p><strong><span style=\"color: #000000;\">Autoridades recomiendan en Tumbes el uso de sombrero y lentes por alta radiaci\u00f3n solar e intenso calor<\/span><\/strong><\/p>\n<p><span style=\"color: #000000;\"><strong>Tumbes, 27 de enero 2025, (ANDINA).-<\/strong> El pron\u00f3stico del Servicio Nacional de Meteorolog\u00eda e Hidrolog\u00eda (Senamhi) que advierte que Tumbes y otras regiones de la costa norte del pa\u00eds soportar\u00e1n hasta fin de mes temperaturas de hasta 37 grados Celsius ha generado la alerta en esta regi\u00f3n, debido al incremento de los valores de radiaci\u00f3n ultravioleta (UV).<\/span><\/p>\n<p><span style=\"color: #000000;\">En ese sentido, autoridades de Salud de Tumbes recomendaron a la poblaci\u00f3n tomar medidas de prevenci\u00f3n para evitar el impacto de la radiaci\u00f3n UV en la salud como el uso de sombreros de ala ancha, gorros, sombrillas; as\u00ed como uso de lentes de sol con la debida protecci\u00f3n UV.<\/span><\/p>\n<p><a href=\"https:\/\/elinformanteperu.com\/wp-content\/uploads\/2019\/03\/rio-tumbes3.jpg\"><img fetchpriority=\"high\" decoding=\"async\" class=\"size-large wp-image-45225 aligncenter\" src=\"https:\/\/elinformanteperu.com\/wp-content\/uploads\/2019\/03\/rio-tumbes3-1024x732.jpg\" alt=\"\" width=\"615\" height=\"440\" srcset=\"https:\/\/elinformanteperu.com\/wp-content\/uploads\/2019\/03\/rio-tumbes3-1024x732.jpg 1024w, https:\/\/elinformanteperu.com\/wp-content\/uploads\/2019\/03\/rio-tumbes3-300x214.jpg 300w, https:\/\/elinformanteperu.com\/wp-content\/uploads\/2019\/03\/rio-tumbes3-768x549.jpg 768w, https:\/\/elinformanteperu.com\/wp-content\/uploads\/2019\/03\/rio-tumbes3-128x91.jpg 128w, https:\/\/elinformanteperu.com\/wp-content\/uploads\/2019\/03\/rio-tumbes3-32x23.jpg 32w, https:\/\/elinformanteperu.com\/wp-content\/uploads\/2019\/03\/rio-tumbes3.jpg 1800w\" sizes=\"(max-width: 615px) 100vw, 615px\" \/><\/a><span style=\"color: #000000;\">Tumbes tiene un alto porcentaje de la poblaci\u00f3n que labora en el agro y pesca, lo cual demanda protegerse de este intenso calor, as\u00ed como el comercio ambulatorio y otro factor que por ser verano, muchos ni\u00f1os y ni\u00f1as est\u00e1n en cursos de verano de nataci\u00f3n, de all\u00ed la necesidad del uso de protectores solares.<\/span><\/p>\n<p><span style=\"color: #000000;\">Un factor negativo para la poblaci\u00f3n es el desabastecimiento de agua en muchos sectores, lo cual obliga a almacenar agua en recipientes que cuando no son herm\u00e9ticamente tapados, tiende a reproducirse el mosquito transmisor del dengue, que en la regi\u00f3n fronteriza ya alcanza los 305 casos entre confirmados y probables.<\/span><\/p>\n<p><a href=\"https:\/\/elinformanteperu.com\/wp-content\/uploads\/2025\/01\/calor-golpes-de-sol.jpg\"><img decoding=\"async\" class=\"size-large wp-image-132323 aligncenter\" src=\"https:\/\/elinformanteperu.com\/wp-content\/uploads\/2025\/01\/calor-golpes-de-sol-1024x683.jpg\" alt=\"\" width=\"615\" height=\"410\" srcset=\"https:\/\/elinformanteperu.com\/wp-content\/uploads\/2025\/01\/calor-golpes-de-sol-1024x683.jpg 1024w, https:\/\/elinformanteperu.com\/wp-content\/uploads\/2025\/01\/calor-golpes-de-sol-300x200.jpg 300w, https:\/\/elinformanteperu.com\/wp-content\/uploads\/2025\/01\/calor-golpes-de-sol-768x512.jpg 768w, https:\/\/elinformanteperu.com\/wp-content\/uploads\/2025\/01\/calor-golpes-de-sol-1536x1024.jpg 1536w, https:\/\/elinformanteperu.com\/wp-content\/uploads\/2025\/01\/calor-golpes-de-sol.jpg 1800w\" sizes=\"(max-width: 615px) 100vw, 615px\" \/><\/a><\/p>\n","protected":false},"excerpt":{"rendered":"<p>Autoridades recomiendan en Tumbes el uso de sombrero y lentes por alta radiaci\u00f3n solar e intenso calor Tumbes, 27 de enero 2025, (ANDINA).- El pron\u00f3stico del Servicio Nacional de Meteorolog\u00eda e Hidrolog\u00eda (Senamhi) que advierte que Tumbes y otras regiones de la costa norte del pa\u00eds soportar\u00e1n hasta fin de mes temperaturas de hasta 37 [&hellip;]<\/p>\n","protected":false},"author":1,"featured_media":134112,"comment_status":"closed","ping_status":"closed","sticky":false,"template":"","format":"standard","meta":{"rop_custom_images_group":[],"rop_custom_messages_group":[],"rop_publish_now":"initial","rop_publish_now_accounts":[],"rop_publish_now_history":[],"rop_publish_now_status":"pending","footnotes":""},"categories":[10],"tags":[1020,1007],"class_list":["post-134111","post","type-post","status-publish","format-standard","has-post-thumbnail","hentry","category-actualidad-municipal","tag-calor","tag-tumbes"],"_links":{"self":[{"href":"https:\/\/elinformanteperu.com\/index.php\/wp-json\/wp\/v2\/posts\/134111","targetHints":{"allow":["GET"]}}],"collection":[{"href":"https:\/\/elinformanteperu.com\/index.php\/wp-json\/wp\/v2\/posts"}],"about":[{"href":"https:\/\/elinformanteperu.com\/index.php\/wp-json\/wp\/v2\/types\/post"}],"author":[{"embeddable":true,"href":"https:\/\/elinformanteperu.com\/index.php\/wp-json\/wp\/v2\/users\/1"}],"replies":[{"embeddable":true,"href":"https:\/\/elinformanteperu.com\/index.php\/wp-json\/wp\/v2\/comments?post=134111"}],"version-history":[{"count":1,"href":"https:\/\/elinformanteperu.com\/index.php\/wp-json\/wp\/v2\/posts\/134111\/revisions"}],"predecessor-version":[{"id":134113,"href":"https:\/\/elinformanteperu.com\/index.php\/wp-json\/wp\/v2\/posts\/134111\/revisions\/134113"}],"wp:featuredmedia":[{"embeddable":true,"href":"https:\/\/elinformanteperu.com\/index.php\/wp-json\/wp\/v2\/media\/134112"}],"wp:attachment":[{"href":"https:\/\/elinformanteperu.com\/index.php\/wp-json\/wp\/v2\/media?parent=134111"}],"wp:term":[{"taxonomy":"category","embeddable":true,"href":"https:\/\/elinformanteperu.com\/index.php\/wp-json\/wp\/v2\/categories?post=134111"},{"taxonomy":"post_tag","embeddable":true,"href":"https:\/\/elinformanteperu.com\/index.php\/wp-json\/wp\/v2\/tags?post=134111"}],"curies":[{"name":"wp","href":"https:\/\/api.w.org\/{rel}","templated":true}]}}