{"id":134108,"date":"2025-01-27T23:06:30","date_gmt":"2025-01-28T04:06:30","guid":{"rendered":"https:\/\/elinformanteperu.com\/?p=134108"},"modified":"2025-01-27T23:06:30","modified_gmt":"2025-01-28T04:06:30","slug":"ministro-santivanez-asesinos-de-menor-en-huanuco-deben-recibir-cadena-perpetua","status":"publish","type":"post","link":"https:\/\/elinformanteperu.com\/index.php\/2025\/01\/27\/ministro-santivanez-asesinos-de-menor-en-huanuco-deben-recibir-cadena-perpetua\/","title":{"rendered":"Ministro Santiv\u00e1\u00f1ez: asesinos de menor en Hu\u00e1nuco deben recibir cadena perpetua"},"content":{"rendered":"<p><strong><span style=\"color: #000000;\">Titular del Mininter inform\u00f3 la captura de 11 miembros de banda criminal que secuestr\u00f3 y mat\u00f3 a adolescente (17)<\/span><\/strong><\/p>\n<p><span style=\"color: #000000;\"><strong>Lima, 27 de enero 2025, (ANDINA).-<\/strong> \u201cTodos deben recibir cadena perpetua\u201d, enfatiz\u00f3 el ministro del Interior, Juan Jos\u00e9 Santiv\u00e1\u00f1ez, tras informar la captura de 11 integrantes de una organizaci\u00f3n criminal inmersa en el secuestro con subsecuente muerte de una menor de edad.<\/span><\/p>\n<p><span style=\"color: #000000;\">El titular del Ministerio del Interior (Mininter) destac\u00f3 la ardua y eficiente labor de los efectivos de la Divisi\u00f3n de Investigaci\u00f3n de Secuestros y Extorsiones de la Direcci\u00f3n de Investigaci\u00f3n Criminal (Dirincri) de la Polic\u00eda Nacional del Per\u00fa (PNP), quienes lograron detener a estos criminales en las regiones de Lima, Pasco, Jun\u00edn y Hu\u00e1nuco. Sin embargo, expres\u00f3 su lamento por el asesinato de la v\u00edctima de 17 a\u00f1os de edad.<\/span><\/p>\n<p><span style=\"color: #000000;\">\u201cEstamos hablando de una organizaci\u00f3n cuya participaci\u00f3n est\u00e1 comprobada en aproximadamente cinco casos, el \u00faltimo de ellos el de una menor de edad, a la cual asesinaron\u201d, manifest\u00f3 el ministro Santiv\u00e1\u00f1ez, desde la sede de la Dirincri.<\/span><\/p>\n<p><span style=\"color: #000000;\">En tal sentido, detall\u00f3 que entre los detenidos se encuentra Delmer Ronaldo Lino Abad (27), alias \u201cB\u00faho\u201d, quien ha sido sindicado por todos sus secuaces como el autor del crimen de la menor; por lo que hizo un llamado a las autoridades de justicia a actuar de manera contundente y c\u00e9lere en este caso.<\/span><\/p>\n<p><span style=\"color: #000000;\">\u201cEsperamos que la justicia haga su trabajo y que se asegure que estos criminales est\u00e9n en prisi\u00f3n todo el tiempo que se merecen. La pena es hasta cadena perpetua\u201d, recalc\u00f3 el titular del Mininter, en compa\u00f1\u00eda del jefe de la Dirincri, general PNP Marco Conde; y del jefe de la Divise, coronel PNP Franco Moreno Panta.<\/span><\/p>\n<p><span style=\"color: #000000;\">El Mininter destaca que en Lima los agentes policiales lograron detener a Miller Hermenejildo Mautino Espinoza (32), Jonathan Jes\u00fas Yacila Silva (24), Jos\u00e9 Jes\u00fas Agapito Farro (46), Estefane Milagros Trejo Melgarejo (30), Luis Kleiber Espinoza Palomino (29) y Moyalen Cris Fray Moya (18), quienes eran los encargados de la negociaci\u00f3n y cobro de los S\/500 000 dispuestos por el rescate de la v\u00edctima.<\/span><\/p>\n<p><span style=\"color: #000000;\">Mientras que en las jurisdicciones de Satipo y Constituci\u00f3n, cayeron Aron Espinoza (23); Rodrigo Franco Romero Tejada (28), (a) \u201cMani\u201d; Vicente Aquino Lino (42), (a) \u201cChino\u201d; y Raidy Brander Vargas Mateo (32), (a) \u201cMachi\u201d.<\/span><\/p>\n<p><span style=\"color: #000000;\">Finalmente, alias \u201cB\u00faho\u201d fue detenido en la localidad huanuque\u00f1a de Sungaro, donde el pasado 6 de enero habr\u00eda asesinado a la menor de edad y luego enterrado sus restos en inmediaciones del lugar de cautiverio.<\/span><\/p>\n<p><a href=\"https:\/\/elinformanteperu.com\/wp-content\/uploads\/2024\/05\/esposado5.jpg\"><img fetchpriority=\"high\" decoding=\"async\" class=\"size-large wp-image-121021 aligncenter\" src=\"https:\/\/elinformanteperu.com\/wp-content\/uploads\/2024\/05\/esposado5-1024x682.jpg\" alt=\"\" width=\"615\" height=\"410\" srcset=\"https:\/\/elinformanteperu.com\/wp-content\/uploads\/2024\/05\/esposado5-1024x682.jpg 1024w, https:\/\/elinformanteperu.com\/wp-content\/uploads\/2024\/05\/esposado5-300x200.jpg 300w, https:\/\/elinformanteperu.com\/wp-content\/uploads\/2024\/05\/esposado5-768x512.jpg 768w, https:\/\/elinformanteperu.com\/wp-content\/uploads\/2024\/05\/esposado5-1536x1023.jpg 1536w, https:\/\/elinformanteperu.com\/wp-content\/uploads\/2024\/05\/esposado5.jpg 1800w\" sizes=\"(max-width: 615px) 100vw, 615px\" \/><\/a><\/p>\n","protected":false},"excerpt":{"rendered":"<p>Titular del Mininter inform\u00f3 la captura de 11 miembros de banda criminal que secuestr\u00f3 y mat\u00f3 a adolescente (17) Lima, 27 de enero 2025, (ANDINA).- \u201cTodos deben recibir cadena perpetua\u201d, enfatiz\u00f3 el ministro del Interior, Juan Jos\u00e9 Santiv\u00e1\u00f1ez, tras informar la captura de 11 integrantes de una organizaci\u00f3n criminal inmersa en el secuestro con subsecuente [&hellip;]<\/p>\n","protected":false},"author":1,"featured_media":134109,"comment_status":"closed","ping_status":"closed","sticky":false,"template":"","format":"standard","meta":{"rop_custom_images_group":[],"rop_custom_messages_group":[],"rop_publish_now":"initial","rop_publish_now_accounts":[],"rop_publish_now_history":[],"rop_publish_now_status":"pending","footnotes":""},"categories":[10],"tags":[1838,7532,401,280,438,281],"class_list":["post-134108","post","type-post","status-publish","format-standard","has-post-thumbnail","hentry","category-actualidad-municipal","tag-dirincri","tag-juan-jose-santivanez","tag-mininter","tag-ministerio-del-interior","tag-pnp","tag-policia-nacional"],"_links":{"self":[{"href":"https:\/\/elinformanteperu.com\/index.php\/wp-json\/wp\/v2\/posts\/134108","targetHints":{"allow":["GET"]}}],"collection":[{"href":"https:\/\/elinformanteperu.com\/index.php\/wp-json\/wp\/v2\/posts"}],"about":[{"href":"https:\/\/elinformanteperu.com\/index.php\/wp-json\/wp\/v2\/types\/post"}],"author":[{"embeddable":true,"href":"https:\/\/elinformanteperu.com\/index.php\/wp-json\/wp\/v2\/users\/1"}],"replies":[{"embeddable":true,"href":"https:\/\/elinformanteperu.com\/index.php\/wp-json\/wp\/v2\/comments?post=134108"}],"version-history":[{"count":1,"href":"https:\/\/elinformanteperu.com\/index.php\/wp-json\/wp\/v2\/posts\/134108\/revisions"}],"predecessor-version":[{"id":134110,"href":"https:\/\/elinformanteperu.com\/index.php\/wp-json\/wp\/v2\/posts\/134108\/revisions\/134110"}],"wp:featuredmedia":[{"embeddable":true,"href":"https:\/\/elinformanteperu.com\/index.php\/wp-json\/wp\/v2\/media\/134109"}],"wp:attachment":[{"href":"https:\/\/elinformanteperu.com\/index.php\/wp-json\/wp\/v2\/media?parent=134108"}],"wp:term":[{"taxonomy":"category","embeddable":true,"href":"https:\/\/elinformanteperu.com\/index.php\/wp-json\/wp\/v2\/categories?post=134108"},{"taxonomy":"post_tag","embeddable":true,"href":"https:\/\/elinformanteperu.com\/index.php\/wp-json\/wp\/v2\/tags?post=134108"}],"curies":[{"name":"wp","href":"https:\/\/api.w.org\/{rel}","templated":true}]}}