{"id":13404,"date":"2017-07-20T23:42:18","date_gmt":"2017-07-21T04:42:18","guid":{"rendered":"http:\/\/elinformanteperu.com\/?p=13404"},"modified":"2017-07-20T23:42:18","modified_gmt":"2017-07-21T04:42:18","slug":"teofilo-cubillas-apuesta-por-la-continuidad-de-gareca-en-la-seleccion","status":"publish","type":"post","link":"https:\/\/elinformanteperu.com\/index.php\/2017\/07\/20\/teofilo-cubillas-apuesta-por-la-continuidad-de-gareca-en-la-seleccion\/","title":{"rendered":"Te\u00f3filo Cubillas apuesta por la continuidad de Gareca en la selecci\u00f3n"},"content":{"rendered":"<p><strong><span style=\"color: #000000;\">El exmundialista Te\u00f3filo Cubillas es partidario de la continuidad del argentino Ricardo Gareca como t\u00e9cnico de la selecci\u00f3n peruana.<\/span><\/strong><\/p>\n<p><span style=\"color: #000000;\"><strong>Lima, 20 Julio 2017, (ANDINA).-<\/strong> El exmundialista Te\u00f3filo Cubillas es partidario de la continuidad del argentino Ricardo Gareca como t\u00e9cnico de la selecci\u00f3n peruana porque se trata de un profesional capacitado y porque no comparte la idea de cambiar entrenadores todo el tiempo<\/span><\/p>\n<p><span style=\"color: #000000;\">Como uno de referentes hist\u00f3ricos del f\u00fatbol peruano la voz de Te\u00f3filo Cubilla tiene peso cuando se trata de opinar de la selecci\u00f3n peruana. Dijo que respalda la labor de Ricardo Gareca por lo que comparte la continuidad del entrenador argentino.<\/span><\/p>\n<p><span style=\"color: #000000;\">\u00abNo podemos pasarnos toda la vida viendo el cambio de t\u00e9cnico por que perdi\u00f3 uno o dos partidos. Gareca ha sido lo suficientemente capaz para poder conseguir llenarlos de ganas y deseos a los jugadores para seguir luchando. Si no todo ser\u00eda comenzar de nuevo\u00bb, afirm\u00f3 Cubillas a Ovaci\u00f3n.<\/span><\/p>\n<p><span style=\"color: #000000;\">Cubillas tambi\u00e9n asegur\u00f3 que conf\u00eda en la decisi\u00f3n de Ricardo Gareca por elegir de la mejor forma al reemplazante de Paolo Guerrero para el encuentro frente a Bolivia por las eliminatorias, que se jugar\u00e1 el 31 de agosto en Lima.<\/span><\/p>\n<p><span style=\"color: #000000;\">\u00abLa \u00fanica persona que puede decidir qui\u00e9n ser\u00e1 el reemplazante de Guerrero es Gareca, no puedo atreverme a mencionar un nombre, ser\u00eda ir contra mis principios. Tengo un aprecio por el entrenador y s\u00e9 que a la hora que decida lo har\u00e1 de la mejor manera\u00bb.<\/span><\/p>\n<p><span style=\"color: #000000;\">Finalmente, el segundo goleador hist\u00f3rico de selecciones peruanas, manifest\u00f3 que siempre apostar\u00e1 por la \u00abblanquirroja\u00bb .<\/span><\/p>\n<p><span style=\"color: #000000;\">\u00abNo voy a dejar nunca de apostar por mi selecci\u00f3n. En esta oportunidad no solo podemos, tambi\u00e9n queremos. Que era algo que nos faltaba en anteriores eliminatorias. Las ganas que est\u00e1n poniendo los chicos en cada partido animan a ser positivo en esta oportunidad\u00bb, finaliz\u00f3.<\/span><\/p>\n<p><span style=\"color: #000000;\">El contrato de Ricardo Gareca con la Federaci\u00f3n Peruana de F\u00fatbol culmina una vez concluya las eliminatorias de Rusia 2018. Existen voces que piden la continuidad del presente comando t\u00e9cnico por un ciclo mas.<\/span><\/p>\n<p><img fetchpriority=\"high\" decoding=\"async\" class=\"aligncenter size-full wp-image-13406\" src=\"http:\/\/elinformanteperu.com\/wp-content\/uploads\/2017\/07\/cubillas.jpg\" alt=\"\" width=\"500\" height=\"333\" srcset=\"https:\/\/elinformanteperu.com\/wp-content\/uploads\/2017\/07\/cubillas.jpg 500w, https:\/\/elinformanteperu.com\/wp-content\/uploads\/2017\/07\/cubillas-300x200.jpg 300w, https:\/\/elinformanteperu.com\/wp-content\/uploads\/2017\/07\/cubillas-128x85.jpg 128w, https:\/\/elinformanteperu.com\/wp-content\/uploads\/2017\/07\/cubillas-32x21.jpg 32w\" sizes=\"(max-width: 500px) 100vw, 500px\" \/><\/p>\n","protected":false},"excerpt":{"rendered":"<p>El exmundialista Te\u00f3filo Cubillas es partidario de la continuidad del argentino Ricardo Gareca como t\u00e9cnico de la selecci\u00f3n peruana. Lima, 20 Julio 2017, (ANDINA).- El exmundialista Te\u00f3filo Cubillas es partidario de la continuidad del argentino Ricardo Gareca como t\u00e9cnico de la selecci\u00f3n peruana porque se trata de un profesional capacitado y porque no comparte la [&hellip;]<\/p>\n","protected":false},"author":1,"featured_media":13405,"comment_status":"open","ping_status":"open","sticky":false,"template":"","format":"standard","meta":{"rop_custom_images_group":[],"rop_custom_messages_group":[],"rop_publish_now":"initial","rop_publish_now_accounts":[],"rop_publish_now_history":[],"rop_publish_now_status":"pending","footnotes":""},"categories":[8],"tags":[92,142],"class_list":["post-13404","post","type-post","status-publish","format-standard","has-post-thumbnail","hentry","category-disciplinas-deportivas","tag-ricardo-gareca","tag-teofilo-cubillas"],"_links":{"self":[{"href":"https:\/\/elinformanteperu.com\/index.php\/wp-json\/wp\/v2\/posts\/13404","targetHints":{"allow":["GET"]}}],"collection":[{"href":"https:\/\/elinformanteperu.com\/index.php\/wp-json\/wp\/v2\/posts"}],"about":[{"href":"https:\/\/elinformanteperu.com\/index.php\/wp-json\/wp\/v2\/types\/post"}],"author":[{"embeddable":true,"href":"https:\/\/elinformanteperu.com\/index.php\/wp-json\/wp\/v2\/users\/1"}],"replies":[{"embeddable":true,"href":"https:\/\/elinformanteperu.com\/index.php\/wp-json\/wp\/v2\/comments?post=13404"}],"version-history":[{"count":1,"href":"https:\/\/elinformanteperu.com\/index.php\/wp-json\/wp\/v2\/posts\/13404\/revisions"}],"predecessor-version":[{"id":13407,"href":"https:\/\/elinformanteperu.com\/index.php\/wp-json\/wp\/v2\/posts\/13404\/revisions\/13407"}],"wp:featuredmedia":[{"embeddable":true,"href":"https:\/\/elinformanteperu.com\/index.php\/wp-json\/wp\/v2\/media\/13405"}],"wp:attachment":[{"href":"https:\/\/elinformanteperu.com\/index.php\/wp-json\/wp\/v2\/media?parent=13404"}],"wp:term":[{"taxonomy":"category","embeddable":true,"href":"https:\/\/elinformanteperu.com\/index.php\/wp-json\/wp\/v2\/categories?post=13404"},{"taxonomy":"post_tag","embeddable":true,"href":"https:\/\/elinformanteperu.com\/index.php\/wp-json\/wp\/v2\/tags?post=13404"}],"curies":[{"name":"wp","href":"https:\/\/api.w.org\/{rel}","templated":true}]}}