{"id":134016,"date":"2025-01-26T11:39:21","date_gmt":"2025-01-26T16:39:21","guid":{"rendered":"https:\/\/elinformanteperu.com\/?p=134016"},"modified":"2025-01-26T11:39:21","modified_gmt":"2025-01-26T16:39:21","slug":"alianza-lima-asi-fue-el-empate-y-la-presentacion-de-los-intimos-ante-el-ldu-en-ecuador","status":"publish","type":"post","link":"https:\/\/elinformanteperu.com\/index.php\/2025\/01\/26\/alianza-lima-asi-fue-el-empate-y-la-presentacion-de-los-intimos-ante-el-ldu-en-ecuador\/","title":{"rendered":"Alianza Lima: As\u00ed fue el empate y la presentaci\u00f3n de los &#8216;\u00edntimos&#8217; ante el LDU en Ecuador"},"content":{"rendered":"<p><strong><span style=\"color: #000000;\">Los &#8216;victorianos&#8217; malograron la fiesta a la Liga Deportiva Universitaria de Quito y tuvieron destacada actuaci\u00f3n<\/span><\/strong><\/p>\n<p><span style=\"color: #000000;\"><strong>Lima, 26 de enero 2025, (ANDINA).-<\/strong> Alianza Lima obtuvo una aceptable presentaci\u00f3n en su visita a la Liga Deportiva Universitaria de Quito (LDU) al igualar 1-1 en lo que fue su \u00faltimo encuentro amistoso internacional fuera del pa\u00eds por lo que qued\u00f3 listo para disputar el partido ante el Aucas de Ecuador en Matute con el que cerrar\u00e1 su etapa de preparaci\u00f3n.<\/span><\/p>\n<p><span style=\"color: #000000;\">A comparaci\u00f3n de sus \u00faltimos cotejos amistosos, ante el LDU, Alianza Lima mejor\u00f3 en la l\u00ednea defensiva y mediocampo. Su juego fue mejorando de menos a m\u00e1s y ello hizo que su rival tuviera problemas para llevar peligro al arco de los &#8216;blanquiazules.<\/span><\/p>\n<p><span style=\"color: #000000;\">No obstante de que los ecuatorianos tuvieron m\u00e1s el bal\u00f3n, les cost\u00f3 hacer da\u00f1o al arco de los peruanos y eso se deja ver cuando Guillermo Viscarra no tuvo mucho trabajo en el primer tiempo.<\/span><\/p>\n<p><span style=\"color: #000000;\">Alianza Lima se adelant\u00f3 en el marcador, a los 41 minutos, gracias a un cabezazo de Paolo Guerrero, quien culmin\u00f3 bien un c\u00f3rber cobrado por el uruguayo Pablo Ceppellini, quien jug\u00f3 su primer partido con los lime\u00f1os y lo hizo de manera aceptable.<\/span><\/p>\n<p><span style=\"color: #000000;\">Para la segunda mitad, tras algunos cambios en ambos equipos, LDU sorprendi\u00f3 un gol r\u00e1pido. A los 49 minutos, tras un error en salida de Jean Pierre Archimbaud, Dario Mina sac\u00f3 provecho del centro al coraz\u00f3n del \u00e1rea aliancista para poner el 1-1 en el marcador.<\/span><\/p>\n<p><span style=\"color: #000000;\">El empate en el partido no merm\u00f3 en el rendimiento de Alianza Lima que sigui\u00f3 busc\u00e1ndolo en campo contrario con un Ceppelini cada vez compenetrado con el equipo pese a ser su primer partido con camiseta victoriana. De hecho, tuvieron un par de aproximaciones aunque no lograron anotar.<\/span><\/p>\n<p><span style=\"color: #000000;\">Al final, el resultado no cambi\u00f3 el Estadio Rodrigo Paz Delgado de Quito y este partido permitir\u00e1 al t\u00e9cnico N\u00e9stor Gorosito sacar\u00e1 conclusiones valiosas para lo que ser\u00e1 su debut en la Copa Libertadores y la Liga 1 2025 en febrero.<\/span><\/p>\n<p><span style=\"color: #000000;\">Ahora Alianza Lima se alista para cerrar su etapa de preparaci\u00f3n cuando enfrente, el jueves 30 de enero (20:00 horas) al Aucas en el Estadio Alejandro Villanueva.<\/span><\/p>\n<p><iframe title=\"YouTube video player\" src=\"https:\/\/www.youtube-nocookie.com\/embed\/YhxouMz5wJE?si=bbEZTTwed98N4W7T&amp;controls=0\" width=\"520\" height=\"315\" frameborder=\"0\" allowfullscreen=\"allowfullscreen\"><span data-mce-type=\"bookmark\" style=\"display: inline-block; width: 0px; overflow: hidden; line-height: 0;\" class=\"mce_SELRES_start\">\ufeff<\/span><\/iframe><\/p>\n","protected":false},"excerpt":{"rendered":"<p>Los &#8216;victorianos&#8217; malograron la fiesta a la Liga Deportiva Universitaria de Quito y tuvieron destacada actuaci\u00f3n Lima, 26 de enero 2025, (ANDINA).- Alianza Lima obtuvo una aceptable presentaci\u00f3n en su visita a la Liga Deportiva Universitaria de Quito (LDU) al igualar 1-1 en lo que fue su \u00faltimo encuentro amistoso internacional fuera del pa\u00eds por [&hellip;]<\/p>\n","protected":false},"author":1,"featured_media":134017,"comment_status":"closed","ping_status":"closed","sticky":false,"template":"","format":"standard","meta":{"rop_custom_images_group":[],"rop_custom_messages_group":[],"rop_publish_now":"initial","rop_publish_now_accounts":[],"rop_publish_now_history":[],"rop_publish_now_status":"pending","footnotes":""},"categories":[8],"tags":[91,8133,7387],"class_list":["post-134016","post","type-post","status-publish","format-standard","has-post-thumbnail","hentry","category-disciplinas-deportivas","tag-alianza-lima","tag-alianza-lima-2025","tag-ldu"],"_links":{"self":[{"href":"https:\/\/elinformanteperu.com\/index.php\/wp-json\/wp\/v2\/posts\/134016","targetHints":{"allow":["GET"]}}],"collection":[{"href":"https:\/\/elinformanteperu.com\/index.php\/wp-json\/wp\/v2\/posts"}],"about":[{"href":"https:\/\/elinformanteperu.com\/index.php\/wp-json\/wp\/v2\/types\/post"}],"author":[{"embeddable":true,"href":"https:\/\/elinformanteperu.com\/index.php\/wp-json\/wp\/v2\/users\/1"}],"replies":[{"embeddable":true,"href":"https:\/\/elinformanteperu.com\/index.php\/wp-json\/wp\/v2\/comments?post=134016"}],"version-history":[{"count":1,"href":"https:\/\/elinformanteperu.com\/index.php\/wp-json\/wp\/v2\/posts\/134016\/revisions"}],"predecessor-version":[{"id":134018,"href":"https:\/\/elinformanteperu.com\/index.php\/wp-json\/wp\/v2\/posts\/134016\/revisions\/134018"}],"wp:featuredmedia":[{"embeddable":true,"href":"https:\/\/elinformanteperu.com\/index.php\/wp-json\/wp\/v2\/media\/134017"}],"wp:attachment":[{"href":"https:\/\/elinformanteperu.com\/index.php\/wp-json\/wp\/v2\/media?parent=134016"}],"wp:term":[{"taxonomy":"category","embeddable":true,"href":"https:\/\/elinformanteperu.com\/index.php\/wp-json\/wp\/v2\/categories?post=134016"},{"taxonomy":"post_tag","embeddable":true,"href":"https:\/\/elinformanteperu.com\/index.php\/wp-json\/wp\/v2\/tags?post=134016"}],"curies":[{"name":"wp","href":"https:\/\/api.w.org\/{rel}","templated":true}]}}