{"id":134009,"date":"2025-01-26T11:15:22","date_gmt":"2025-01-26T16:15:22","guid":{"rendered":"https:\/\/elinformanteperu.com\/?p=134009"},"modified":"2025-01-26T11:15:22","modified_gmt":"2025-01-26T16:15:22","slug":"guillermo-farre-critica-decision-de-jugar-en-huancayo-ante-alianza-udh","status":"publish","type":"post","link":"https:\/\/elinformanteperu.com\/index.php\/2025\/01\/26\/guillermo-farre-critica-decision-de-jugar-en-huancayo-ante-alianza-udh\/","title":{"rendered":"Guillermo Farr\u00e9 critica decisi\u00f3n de jugar en Huancayo ante Alianza UDH"},"content":{"rendered":"<p><strong><span style=\"color: #000000;\">Esta medida se debe a que el estadio donde el cuadro huanuque\u00f1o har\u00eda de local no pas\u00f3 los est\u00e1ndares establecidos.<\/span><\/strong><\/p>\n<p><span style=\"color: #000000;\"><strong>Lima, 25 de enero 2025, (ANDINA).-<\/strong> La Liga de F\u00fatbol Profesional anunci\u00f3 que el duelo entre Alianza Universidad y Sporting Cristal, por la primera fecha del Torneo Apertura, se jugar\u00e1 en el Estadio IPD de Huancayo debido a que el Heraclio Tapia no tiene licencia de la FPF. La medida gener\u00f3 molestia en el equipo \u2018cervecero\u2019.<\/span><\/p>\n<p><span style=\"color: #000000;\">Guillermo Farr\u00e9 rechaz\u00f3 la medida, calific\u00e1ndola de injusta por sumar otro partido en altura a su calendario. \u201cEstar de acuerdo o no, queda la clara que no es nada lindo, de que, considerado un rival en un cop\u00f3n donde se sorteaban equipos de menos de 2000 metros de altura te lleven a una local\u00eda a la altura, entonces yo considero que no es justo tener que aceptar una situaci\u00f3n de esa\u00bb, afirm\u00f3.<\/span><\/p>\n<p><span style=\"color: #000000;\">El estratega argentino tambi\u00e9n cuestion\u00f3 la equidad de esta decisi\u00f3n respecto a otros equipos que enfrentar\u00e1n a Alianza Universidad en el futuro. Se\u00f1al\u00f3 que ellos s\u00ed podr\u00e1n jugar en Hu\u00e1nuco, ubicado a casi 1900 metros sobre el nivel del mar, mientras que Cristal ser\u00e1 el \u00fanico en enfrentar al conjunto \u2018azulgrana\u2019 en Huancayo, a 3259 m.s.n.m.<\/span><\/p>\n<p><span style=\"color: #000000;\">\u201cMe gustar\u00eda que se juegue en un lugar donde no est\u00e9 contemplado como altura, si no nos sumar\u00edan a nosotros un rival m\u00e1s de altura, un partido m\u00e1s de altura y en la tercera fecha jugar\u00edan en Hu\u00e1nuco y todos los rivales jugar\u00edan en Hu\u00e1nuco. Me parece que no ser\u00eda equitativo\u201d, agreg\u00f3 Farr\u00e9.<\/span><\/p>\n<p><span style=\"color: #000000;\">Esta decisi\u00f3n de la Liga 1 pone en el centro del debate la organizaci\u00f3n y equidad en el campeonato, especialmente en lo que respecta a los escenarios deportivos que podr\u00edan influir en el rendimiento de los equipos durante la temporada. Sporting Cristal iniciar\u00e1 as\u00ed su campa\u00f1a en un terreno que no estaba inicialmente contemplado, sumando un desaf\u00edo adicional a su camino en el Torneo Apertura.<\/span><\/p>\n<p><a href=\"https:\/\/elinformanteperu.com\/wp-content\/uploads\/2024\/11\/Gustavo-Cazonatti-Cristal.jpg\"><img fetchpriority=\"high\" decoding=\"async\" class=\"alignnone size-large wp-image-128900\" src=\"https:\/\/elinformanteperu.com\/wp-content\/uploads\/2024\/11\/Gustavo-Cazonatti-Cristal-1024x683.jpg\" alt=\"\" width=\"615\" height=\"410\" srcset=\"https:\/\/elinformanteperu.com\/wp-content\/uploads\/2024\/11\/Gustavo-Cazonatti-Cristal-1024x683.jpg 1024w, https:\/\/elinformanteperu.com\/wp-content\/uploads\/2024\/11\/Gustavo-Cazonatti-Cristal-300x200.jpg 300w, https:\/\/elinformanteperu.com\/wp-content\/uploads\/2024\/11\/Gustavo-Cazonatti-Cristal-768x512.jpg 768w, https:\/\/elinformanteperu.com\/wp-content\/uploads\/2024\/11\/Gustavo-Cazonatti-Cristal-1536x1024.jpg 1536w, https:\/\/elinformanteperu.com\/wp-content\/uploads\/2024\/11\/Gustavo-Cazonatti-Cristal.jpg 1800w\" sizes=\"(max-width: 615px) 100vw, 615px\" \/><\/a><\/p>\n","protected":false},"excerpt":{"rendered":"<p>Esta medida se debe a que el estadio donde el cuadro huanuque\u00f1o har\u00eda de local no pas\u00f3 los est\u00e1ndares establecidos. Lima, 25 de enero 2025, (ANDINA).- La Liga de F\u00fatbol Profesional anunci\u00f3 que el duelo entre Alianza Universidad y Sporting Cristal, por la primera fecha del Torneo Apertura, se jugar\u00e1 en el Estadio IPD de [&hellip;]<\/p>\n","protected":false},"author":1,"featured_media":134010,"comment_status":"closed","ping_status":"closed","sticky":false,"template":"","format":"standard","meta":{"rop_custom_images_group":[],"rop_custom_messages_group":[],"rop_publish_now":"initial","rop_publish_now_accounts":[],"rop_publish_now_history":[],"rop_publish_now_status":"pending","footnotes":""},"categories":[8],"tags":[7533],"class_list":["post-134009","post","type-post","status-publish","format-standard","has-post-thumbnail","hentry","category-disciplinas-deportivas","tag-guillermo-farre"],"_links":{"self":[{"href":"https:\/\/elinformanteperu.com\/index.php\/wp-json\/wp\/v2\/posts\/134009","targetHints":{"allow":["GET"]}}],"collection":[{"href":"https:\/\/elinformanteperu.com\/index.php\/wp-json\/wp\/v2\/posts"}],"about":[{"href":"https:\/\/elinformanteperu.com\/index.php\/wp-json\/wp\/v2\/types\/post"}],"author":[{"embeddable":true,"href":"https:\/\/elinformanteperu.com\/index.php\/wp-json\/wp\/v2\/users\/1"}],"replies":[{"embeddable":true,"href":"https:\/\/elinformanteperu.com\/index.php\/wp-json\/wp\/v2\/comments?post=134009"}],"version-history":[{"count":1,"href":"https:\/\/elinformanteperu.com\/index.php\/wp-json\/wp\/v2\/posts\/134009\/revisions"}],"predecessor-version":[{"id":134011,"href":"https:\/\/elinformanteperu.com\/index.php\/wp-json\/wp\/v2\/posts\/134009\/revisions\/134011"}],"wp:featuredmedia":[{"embeddable":true,"href":"https:\/\/elinformanteperu.com\/index.php\/wp-json\/wp\/v2\/media\/134010"}],"wp:attachment":[{"href":"https:\/\/elinformanteperu.com\/index.php\/wp-json\/wp\/v2\/media?parent=134009"}],"wp:term":[{"taxonomy":"category","embeddable":true,"href":"https:\/\/elinformanteperu.com\/index.php\/wp-json\/wp\/v2\/categories?post=134009"},{"taxonomy":"post_tag","embeddable":true,"href":"https:\/\/elinformanteperu.com\/index.php\/wp-json\/wp\/v2\/tags?post=134009"}],"curies":[{"name":"wp","href":"https:\/\/api.w.org\/{rel}","templated":true}]}}