{"id":134003,"date":"2025-01-25T17:41:20","date_gmt":"2025-01-25T22:41:20","guid":{"rendered":"https:\/\/elinformanteperu.com\/?p=134003"},"modified":"2025-01-25T17:41:20","modified_gmt":"2025-01-25T22:41:20","slug":"liga-de-quito-vs-alianza-lima-conoce-la-lista-de-convocados-que-viajaron-a-ecuador","status":"publish","type":"post","link":"https:\/\/elinformanteperu.com\/index.php\/2025\/01\/25\/liga-de-quito-vs-alianza-lima-conoce-la-lista-de-convocados-que-viajaron-a-ecuador\/","title":{"rendered":"Liga de Quito vs. Alianza Lima: Conoce la lista de convocados que viajaron a Ecuador"},"content":{"rendered":"<p><strong><span style=\"color: #000000;\">Renzo Garc\u00e9s y Marco Huam\u00e1n no viajaron por precauci\u00f3n.<\/span><\/strong><\/p>\n<p><span style=\"color: #000000;\"><strong>Lima, 25 de enero 2025, (ANDINA).-<\/strong> Alianza Lima ya tiene lista su convocatoria para enfrentar a la Liga Deportiva Universitaria de Quito (LDU) este s\u00e1bado a las 19:55 (hora peruana) en la esperada Noche Blanca 2025. Los experimentados Paolo Guerrero y Hern\u00e1n Barcos lideran la lista de convocados por el t\u00e9cnico N\u00e9stor Gorosito.<\/span><\/p>\n<p><span style=\"color: #000000;\">A los mencionados se suman jugadores como Angelo Campos, Guillermo Viscarra, Carlos G\u00f3mez, Miguel Trauco, Ricardo Lagos, Carlos Zambrano, Jean Pierre Archimbaud, Jes\u00fas Castillo, Juan Delgado, Erick Noriega, Gonzalo Aguirre, Rait Alarc\u00f3n, Georiao Yllescas, Jhamir D&#8217;Arrigo, Jhoao Vel\u00e1squez, Pablo Lavandeira, Pablo Ceppelini, Mat\u00edas Succar, Eryc Castillo, Alan Cantero y Kevin Quevedo.<\/span><\/p>\n<p><span style=\"color: #000000;\">Sin embargo, el equipo no podr\u00e1 contar con Javier Navea (lesionado con un esguince de segundo grado en su tobillo izquierdo) ni con Guillermo Enrique, quien sufri\u00f3 una luxaci\u00f3n aguda en su hombro izquierdo. Adem\u00e1s, Renzo Garc\u00e9s y Marco Huam\u00e1n no viajaron a Ecuador por precauci\u00f3n.<\/span><\/p>\n<p><span style=\"color: #000000;\">En cuanto a su gira por Argentina, Alianza Lima ha tenido un desempe\u00f1o mixto. Comenzaron con un empate 1-1 y una victoria 1-0 ante V\u00e9lez Sarsfield. Sin embargo, posteriormente sufrieron dos derrotas ante Deportivo Riestra (1-2 y 0-1) y una m\u00e1s contra Deportivo Mor\u00f3n (1-2), cerrando su serie de amistosos en tierras argentinas.<\/span><\/p>\n<blockquote class=\"twitter-tweet\">\n<p dir=\"ltr\" lang=\"es\">\ud835\udc6a\ud835\udc76\ud835\udc75\ud835\udc7d\ud835\udc76\ud835\udc6a\ud835\udc68\ud835\udc6b\ud835\udc76\ud835\udc7a. \ud83d\udccb\u270d\ud83c\udffe<\/p>\n<p>Esta es la lista de convocados que viaja a Ecuador para el partido ante <a href=\"https:\/\/twitter.com\/LDU_Oficial?ref_src=twsrc%5Etfw\">@LDU_Oficial<\/a> <a href=\"https:\/\/twitter.com\/hashtag\/ConAlianzaSiempre?src=hash&amp;ref_src=twsrc%5Etfw\">#ConAlianzaSiempre<\/a> <a href=\"https:\/\/twitter.com\/hashtag\/ReafirmaTuLeALtad?src=hash&amp;ref_src=twsrc%5Etfw\">#ReafirmaTuLeALtad<\/a> <a href=\"https:\/\/t.co\/75TT7vCn3V\">pic.twitter.com\/75TT7vCn3V<\/a><\/p>\n<p>\u2014 Club Alianza Lima (@ClubALoficial) <a href=\"https:\/\/twitter.com\/ClubALoficial\/status\/1883164884596301918?ref_src=twsrc%5Etfw\">January 25, 2025<\/a><\/p><\/blockquote>\n<p><script async src=\"https:\/\/platform.twitter.com\/widgets.js\" charset=\"utf-8\"><\/script><\/p>\n","protected":false},"excerpt":{"rendered":"<p>Renzo Garc\u00e9s y Marco Huam\u00e1n no viajaron por precauci\u00f3n. Lima, 25 de enero 2025, (ANDINA).- Alianza Lima ya tiene lista su convocatoria para enfrentar a la Liga Deportiva Universitaria de Quito (LDU) este s\u00e1bado a las 19:55 (hora peruana) en la esperada Noche Blanca 2025. Los experimentados Paolo Guerrero y Hern\u00e1n Barcos lideran la lista [&hellip;]<\/p>\n","protected":false},"author":1,"featured_media":119550,"comment_status":"closed","ping_status":"closed","sticky":false,"template":"","format":"standard","meta":{"rop_custom_images_group":[],"rop_custom_messages_group":[],"rop_publish_now":"initial","rop_publish_now_accounts":[],"rop_publish_now_history":[],"rop_publish_now_status":"pending","footnotes":""},"categories":[8],"tags":[91,7387],"class_list":["post-134003","post","type-post","status-publish","format-standard","has-post-thumbnail","hentry","category-disciplinas-deportivas","tag-alianza-lima","tag-ldu"],"_links":{"self":[{"href":"https:\/\/elinformanteperu.com\/index.php\/wp-json\/wp\/v2\/posts\/134003","targetHints":{"allow":["GET"]}}],"collection":[{"href":"https:\/\/elinformanteperu.com\/index.php\/wp-json\/wp\/v2\/posts"}],"about":[{"href":"https:\/\/elinformanteperu.com\/index.php\/wp-json\/wp\/v2\/types\/post"}],"author":[{"embeddable":true,"href":"https:\/\/elinformanteperu.com\/index.php\/wp-json\/wp\/v2\/users\/1"}],"replies":[{"embeddable":true,"href":"https:\/\/elinformanteperu.com\/index.php\/wp-json\/wp\/v2\/comments?post=134003"}],"version-history":[{"count":1,"href":"https:\/\/elinformanteperu.com\/index.php\/wp-json\/wp\/v2\/posts\/134003\/revisions"}],"predecessor-version":[{"id":134004,"href":"https:\/\/elinformanteperu.com\/index.php\/wp-json\/wp\/v2\/posts\/134003\/revisions\/134004"}],"wp:featuredmedia":[{"embeddable":true,"href":"https:\/\/elinformanteperu.com\/index.php\/wp-json\/wp\/v2\/media\/119550"}],"wp:attachment":[{"href":"https:\/\/elinformanteperu.com\/index.php\/wp-json\/wp\/v2\/media?parent=134003"}],"wp:term":[{"taxonomy":"category","embeddable":true,"href":"https:\/\/elinformanteperu.com\/index.php\/wp-json\/wp\/v2\/categories?post=134003"},{"taxonomy":"post_tag","embeddable":true,"href":"https:\/\/elinformanteperu.com\/index.php\/wp-json\/wp\/v2\/tags?post=134003"}],"curies":[{"name":"wp","href":"https:\/\/api.w.org\/{rel}","templated":true}]}}