{"id":133502,"date":"2025-01-19T13:12:01","date_gmt":"2025-01-19T18:12:01","guid":{"rendered":"https:\/\/elinformanteperu.com\/?p=133502"},"modified":"2025-01-19T13:12:01","modified_gmt":"2025-01-19T18:12:01","slug":"campana-escolar-recomendaciones-para-afrontar-los-gastos-en-utiles","status":"publish","type":"post","link":"https:\/\/elinformanteperu.com\/index.php\/2025\/01\/19\/campana-escolar-recomendaciones-para-afrontar-los-gastos-en-utiles\/","title":{"rendered":"Campa\u00f1a escolar: Recomendaciones para afrontar los gastos en \u00fatiles"},"content":{"rendered":"<p><span style=\"color: #000000;\"><strong>Lima, 19 de enero 2025, (ANDINA).-<\/strong> La campa\u00f1a escolar 2025 reflejar\u00e1 cambios en las preferencias de consumo de los usuarios a diferencia de a\u00f1os anteriores.<\/span><\/p>\n<p><span style=\"color: #000000;\">Esta vez, se prev\u00e9 que destaquen los productos tecnol\u00f3gicos, como laptops y celulares, que se han convertido en herramientas esenciales para la educaci\u00f3n, pero contin\u00faan las mochilas, escritorios y zapatillas que mantienen su alta popularidad, junto con categor\u00edas tradicionales como papeler\u00eda y \u00fatiles escolares.<\/span><\/p>\n<p><span style=\"color: #000000;\">Liliana Lescano, jefa de productos de Caja Piura, subray\u00f3 la importancia de una planificaci\u00f3n financiera adecuada para que los padres puedan administrar estos gastos.<\/span><\/p>\n<p><span style=\"color: #000000;\">\u201cRecomendamos que las familias combinen capital propio con financiamiento externo, destinando alrededor del 30% del presupuesto con ahorros y el resto a trav\u00e9s de cr\u00e9ditos con tasas competitivas y plazos manejables\u201d, dijo la especialista.<\/span><\/p>\n<p><a href=\"https:\/\/elinformanteperu.com\/wp-content\/uploads\/2019\/03\/utiles-escolares.jpg\"><img fetchpriority=\"high\" decoding=\"async\" class=\"size-large wp-image-45250 aligncenter\" src=\"https:\/\/elinformanteperu.com\/wp-content\/uploads\/2019\/03\/utiles-escolares-1024x683.jpg\" alt=\"\" width=\"615\" height=\"410\" srcset=\"https:\/\/elinformanteperu.com\/wp-content\/uploads\/2019\/03\/utiles-escolares-1024x683.jpg 1024w, https:\/\/elinformanteperu.com\/wp-content\/uploads\/2019\/03\/utiles-escolares-300x200.jpg 300w, https:\/\/elinformanteperu.com\/wp-content\/uploads\/2019\/03\/utiles-escolares-768x512.jpg 768w, https:\/\/elinformanteperu.com\/wp-content\/uploads\/2019\/03\/utiles-escolares-128x85.jpg 128w, https:\/\/elinformanteperu.com\/wp-content\/uploads\/2019\/03\/utiles-escolares-32x21.jpg 32w, https:\/\/elinformanteperu.com\/wp-content\/uploads\/2019\/03\/utiles-escolares.jpg 1800w\" sizes=\"(max-width: 615px) 100vw, 615px\" \/><\/a><span style=\"color: #000000;\">Por otro lado, esta campa\u00f1a tambi\u00e9n representa una gran oportunidad para los emprendedores, quienes han adaptado sus estrategias para responder a la creciente demanda del mercado con el uso de canales digitales que se ha convertido en un pilar fundamental, con un 70% de los peque\u00f1os negocios utilizando herramientas como redes sociales, tiendas en l\u00ednea y pagos digitales.<\/span><\/p>\n<p><span style=\"color: #000000;\">La evoluci\u00f3n del comercio digital, sumada a la apuesta por productos m\u00e1s responsables con el medio ambiente, marca una temporada escolar que va m\u00e1s all\u00e1 de lo tradicional, afirma Lescano.<\/span><\/p>\n<p><a href=\"https:\/\/elinformanteperu.com\/wp-content\/uploads\/2019\/01\/utiles-escolares.jpg\"><img decoding=\"async\" class=\"size-large wp-image-42476 aligncenter\" src=\"https:\/\/elinformanteperu.com\/wp-content\/uploads\/2019\/01\/utiles-escolares-1024x683.jpg\" alt=\"\" width=\"615\" height=\"410\" srcset=\"https:\/\/elinformanteperu.com\/wp-content\/uploads\/2019\/01\/utiles-escolares-1024x683.jpg 1024w, https:\/\/elinformanteperu.com\/wp-content\/uploads\/2019\/01\/utiles-escolares-300x200.jpg 300w, https:\/\/elinformanteperu.com\/wp-content\/uploads\/2019\/01\/utiles-escolares-768x512.jpg 768w, https:\/\/elinformanteperu.com\/wp-content\/uploads\/2019\/01\/utiles-escolares-128x85.jpg 128w, https:\/\/elinformanteperu.com\/wp-content\/uploads\/2019\/01\/utiles-escolares-32x21.jpg 32w, https:\/\/elinformanteperu.com\/wp-content\/uploads\/2019\/01\/utiles-escolares.jpg 1800w\" sizes=\"(max-width: 615px) 100vw, 615px\" \/><\/a><\/p>\n","protected":false},"excerpt":{"rendered":"<p>Lima, 19 de enero 2025, (ANDINA).- La campa\u00f1a escolar 2025 reflejar\u00e1 cambios en las preferencias de consumo de los usuarios a diferencia de a\u00f1os anteriores. Esta vez, se prev\u00e9 que destaquen los productos tecnol\u00f3gicos, como laptops y celulares, que se han convertido en herramientas esenciales para la educaci\u00f3n, pero contin\u00faan las mochilas, escritorios y zapatillas [&hellip;]<\/p>\n","protected":false},"author":1,"featured_media":112240,"comment_status":"closed","ping_status":"closed","sticky":false,"template":"","format":"standard","meta":{"rop_custom_images_group":[],"rop_custom_messages_group":[],"rop_publish_now":"initial","rop_publish_now_accounts":[],"rop_publish_now_history":[],"rop_publish_now_status":"pending","footnotes":""},"categories":[10,5746,21],"tags":[808,1668,328],"class_list":["post-133502","post","type-post","status-publish","format-standard","has-post-thumbnail","hentry","category-actualidad-municipal","category-foto-noticias","category-orientacion","tag-matricula-escolar","tag-minedu","tag-ministerio-de-de-educacion"],"_links":{"self":[{"href":"https:\/\/elinformanteperu.com\/index.php\/wp-json\/wp\/v2\/posts\/133502","targetHints":{"allow":["GET"]}}],"collection":[{"href":"https:\/\/elinformanteperu.com\/index.php\/wp-json\/wp\/v2\/posts"}],"about":[{"href":"https:\/\/elinformanteperu.com\/index.php\/wp-json\/wp\/v2\/types\/post"}],"author":[{"embeddable":true,"href":"https:\/\/elinformanteperu.com\/index.php\/wp-json\/wp\/v2\/users\/1"}],"replies":[{"embeddable":true,"href":"https:\/\/elinformanteperu.com\/index.php\/wp-json\/wp\/v2\/comments?post=133502"}],"version-history":[{"count":1,"href":"https:\/\/elinformanteperu.com\/index.php\/wp-json\/wp\/v2\/posts\/133502\/revisions"}],"predecessor-version":[{"id":133503,"href":"https:\/\/elinformanteperu.com\/index.php\/wp-json\/wp\/v2\/posts\/133502\/revisions\/133503"}],"wp:featuredmedia":[{"embeddable":true,"href":"https:\/\/elinformanteperu.com\/index.php\/wp-json\/wp\/v2\/media\/112240"}],"wp:attachment":[{"href":"https:\/\/elinformanteperu.com\/index.php\/wp-json\/wp\/v2\/media?parent=133502"}],"wp:term":[{"taxonomy":"category","embeddable":true,"href":"https:\/\/elinformanteperu.com\/index.php\/wp-json\/wp\/v2\/categories?post=133502"},{"taxonomy":"post_tag","embeddable":true,"href":"https:\/\/elinformanteperu.com\/index.php\/wp-json\/wp\/v2\/tags?post=133502"}],"curies":[{"name":"wp","href":"https:\/\/api.w.org\/{rel}","templated":true}]}}