{"id":133341,"date":"2025-01-16T10:46:14","date_gmt":"2025-01-16T15:46:14","guid":{"rendered":"https:\/\/elinformanteperu.com\/?p=133341"},"modified":"2025-01-16T10:46:14","modified_gmt":"2025-01-16T15:46:14","slug":"490-aniversario-de-lima-conoce-las-actividades-que-se-desarrollaran-el-17-y-18-de-enero-2","status":"publish","type":"post","link":"https:\/\/elinformanteperu.com\/index.php\/2025\/01\/16\/490-aniversario-de-lima-conoce-las-actividades-que-se-desarrollaran-el-17-y-18-de-enero-2\/","title":{"rendered":"490 aniversario de Lima: conoce las actividades que se desarrollar\u00e1n el 17 y 18 de enero"},"content":{"rendered":"<p><span style=\"color: #000000;\"><strong>Lima, 16 de enero 2025, (ANDINA).-<\/strong> La ciudad de Lima conmemorar\u00e1, el pr\u00f3ximo s\u00e1bado 18 de enero, los 490 a\u00f1os de su fundaci\u00f3n como capital de Per\u00fa. Por tal motivo, la Municipalidad Metropolitana de Lima ha programado una serie de actividades culturales, art\u00edsticas y ceremonias protocolares que se desarrollar\u00e1n en la Plaza Mayor. A continuaci\u00f3n, conoce cu\u00e1les son:<\/span><\/p>\n<p><strong><span style=\"color: #000000;\">Viernes 17 de enero, serenata por el aniversario de Lima<\/span><\/strong><\/p>\n<p><span style=\"color: #000000;\">Las celebraciones se iniciar\u00e1n el viernes 17 de enero, a las 15:00 horas con un gran pasacalle, que tendr\u00e1 como punto de partida el parque La Muralla; para luego recorrer los jirones Lampa, Jun\u00edn, la Plaza Mayor, Carabaya, Huallaga, de La Uni\u00f3n y la plazuela Rosa Merino.<\/span><\/p>\n<p><span style=\"color: #000000;\">Durante todo el recorrido el p\u00fablico asistente disfrutar\u00e1 de una colorida demostraci\u00f3n de las danzas tradicionales de la Costa, Sierra y Selva de Per\u00fa.<\/span><\/p>\n<p><span style=\"color: #000000;\">Luego, a partir de las 16:00 horas, habr\u00e1 una exhibici\u00f3n de caballos de paso, un espect\u00e1culo que une tradici\u00f3n y elegancia, acompa\u00f1ado por la banda de la Municipalidad Metropolitana de Lima.<\/span><\/p>\n<p><span style=\"color: #000000;\">A continuaci\u00f3n, los vecinos y visitantes de Lima gozar\u00e1n desde las 16.30 horas el show criollo \u201cCelebrando nuestras ra\u00edces\u201d, que contar\u00e1 con la participaci\u00f3n especial del D\u00fao de Oro, Pamela Abanto, Jorge Luis Jaso, Eduardo del Per\u00fa, Katherine Cuadros y Ronny Zuzunaga.<\/span><\/p>\n<p><a href=\"https:\/\/elinformanteperu.com\/wp-content\/uploads\/2025\/01\/plaza-de-armas-show-aniversario.jpg\"><img fetchpriority=\"high\" decoding=\"async\" class=\"size-large wp-image-133343 aligncenter\" src=\"https:\/\/elinformanteperu.com\/wp-content\/uploads\/2025\/01\/plaza-de-armas-show-aniversario-1024x649.jpg\" alt=\"\" width=\"615\" height=\"390\" srcset=\"https:\/\/elinformanteperu.com\/wp-content\/uploads\/2025\/01\/plaza-de-armas-show-aniversario-1024x649.jpg 1024w, https:\/\/elinformanteperu.com\/wp-content\/uploads\/2025\/01\/plaza-de-armas-show-aniversario-300x190.jpg 300w, https:\/\/elinformanteperu.com\/wp-content\/uploads\/2025\/01\/plaza-de-armas-show-aniversario-768x486.jpg 768w, https:\/\/elinformanteperu.com\/wp-content\/uploads\/2025\/01\/plaza-de-armas-show-aniversario-1536x973.jpg 1536w, https:\/\/elinformanteperu.com\/wp-content\/uploads\/2025\/01\/plaza-de-armas-show-aniversario.jpg 1800w\" sizes=\"(max-width: 615px) 100vw, 615px\" \/><\/a><span style=\"color: #000000;\">En horas de la noche, el espect\u00e1culo continuar\u00e1 desde las 19:30 horas con la Fiesta de Cumbia de Mauricio Mesones, una explosi\u00f3n de ritmo y alegr\u00eda para todos los asistentes.<\/span><\/p>\n<p><span style=\"color: #000000;\">Luego, a las 20:15 horas, se podr\u00e1 disfrutar de rock en vivo con el grupo R\u00edo, reviviendo los grandes \u00e9xitos de esta emblem\u00e1tica banda peruana.<\/span><\/p>\n<p><span style=\"color: #000000;\">A las 21:00 horas ser\u00e1 el turno de Jean Pierre Magnet y su orquesta Serenata de los Andes, una experiencia musical inolvidable con uno de los artistas m\u00e1s reconocidos de la escena nacional.<\/span><\/p>\n<p><span style=\"color: #000000;\">Cerrar\u00e1n el show musical, desde las 22:00 horas, la cumbia con Deyvis Orosco, la salsa con Daniela Darcourt (22:30 horas) y el grupo Armon\u00eda 10, que culminar\u00e1 la jornada con broche de oro desde las 23:30 horas.<\/span><\/p>\n<p><span style=\"color: #000000;\">Durante los intermedios se proyectar\u00e1n videos promocionales de la Municipalidad Metropolitana de Lima, destacando sus iniciativas y programas culturales. Para ello se instalar\u00e1n pantallas gigantes frente al palacio municipal.<\/span><\/p>\n<p><strong><span style=\"color: #000000;\">S\u00e1bado 18 de enero<\/span><\/strong><\/p>\n<p><span style=\"color: #000000;\">Para el mismo s\u00e1bado 18 de enero, d\u00eda central de las celebraciones por los 490 a\u00f1os de la fundaci\u00f3n de Lima, se tiene programado, a las 10:00 horas, la misa y tedeum en la Catedral de Lima, adonde asistir\u00e1n autoridades pol\u00edticas, militares, policiales y representantes de la sociedad civil.<\/span><\/p>\n<p><span style=\"color: #000000;\">Seguidamente, a las 11.10 horas, se realizar\u00e1 un homenaje a Francisco Pizarro en el pasaje Santa Rosa.<\/span><\/p>\n<p><span style=\"color: #000000;\">Posteriormente, a partir de las 12:.15 horas, se efectuar\u00e1 la sesi\u00f3n solemne por el 490 aniversario de Lima en el sal\u00f3n principal del palacio de la Municipalidad Metropolitana de Lima.<\/span><\/p>\n<p><a href=\"https:\/\/elinformanteperu.com\/wp-content\/uploads\/2025\/01\/lima-2025-programa.jpg\"><img decoding=\"async\" class=\"size-large wp-image-133116 aligncenter\" src=\"https:\/\/elinformanteperu.com\/wp-content\/uploads\/2025\/01\/lima-2025-programa-891x1024.jpg\" alt=\"\" width=\"615\" height=\"707\" srcset=\"https:\/\/elinformanteperu.com\/wp-content\/uploads\/2025\/01\/lima-2025-programa-891x1024.jpg 891w, https:\/\/elinformanteperu.com\/wp-content\/uploads\/2025\/01\/lima-2025-programa-261x300.jpg 261w, https:\/\/elinformanteperu.com\/wp-content\/uploads\/2025\/01\/lima-2025-programa-768x882.jpg 768w, https:\/\/elinformanteperu.com\/wp-content\/uploads\/2025\/01\/lima-2025-programa-1337x1536.jpg 1337w, https:\/\/elinformanteperu.com\/wp-content\/uploads\/2025\/01\/lima-2025-programa.jpg 1567w\" sizes=\"(max-width: 615px) 100vw, 615px\" \/><\/a><\/p>\n","protected":false},"excerpt":{"rendered":"<p>Lima, 16 de enero 2025, (ANDINA).- La ciudad de Lima conmemorar\u00e1, el pr\u00f3ximo s\u00e1bado 18 de enero, los 490 a\u00f1os de su fundaci\u00f3n como capital de Per\u00fa. Por tal motivo, la Municipalidad Metropolitana de Lima ha programado una serie de actividades culturales, art\u00edsticas y ceremonias protocolares que se desarrollar\u00e1n en la Plaza Mayor. A continuaci\u00f3n, [&hellip;]<\/p>\n","protected":false},"author":1,"featured_media":133342,"comment_status":"closed","ping_status":"closed","sticky":false,"template":"","format":"standard","meta":{"rop_custom_images_group":[],"rop_custom_messages_group":[],"rop_publish_now":"initial","rop_publish_now_accounts":[],"rop_publish_now_history":[],"rop_publish_now_status":"pending","footnotes":""},"categories":[10],"tags":[1613,122],"class_list":["post-133341","post","type-post","status-publish","format-standard","has-post-thumbnail","hentry","category-actualidad-municipal","tag-lima","tag-municipalidad-de-lima"],"_links":{"self":[{"href":"https:\/\/elinformanteperu.com\/index.php\/wp-json\/wp\/v2\/posts\/133341","targetHints":{"allow":["GET"]}}],"collection":[{"href":"https:\/\/elinformanteperu.com\/index.php\/wp-json\/wp\/v2\/posts"}],"about":[{"href":"https:\/\/elinformanteperu.com\/index.php\/wp-json\/wp\/v2\/types\/post"}],"author":[{"embeddable":true,"href":"https:\/\/elinformanteperu.com\/index.php\/wp-json\/wp\/v2\/users\/1"}],"replies":[{"embeddable":true,"href":"https:\/\/elinformanteperu.com\/index.php\/wp-json\/wp\/v2\/comments?post=133341"}],"version-history":[{"count":1,"href":"https:\/\/elinformanteperu.com\/index.php\/wp-json\/wp\/v2\/posts\/133341\/revisions"}],"predecessor-version":[{"id":133344,"href":"https:\/\/elinformanteperu.com\/index.php\/wp-json\/wp\/v2\/posts\/133341\/revisions\/133344"}],"wp:featuredmedia":[{"embeddable":true,"href":"https:\/\/elinformanteperu.com\/index.php\/wp-json\/wp\/v2\/media\/133342"}],"wp:attachment":[{"href":"https:\/\/elinformanteperu.com\/index.php\/wp-json\/wp\/v2\/media?parent=133341"}],"wp:term":[{"taxonomy":"category","embeddable":true,"href":"https:\/\/elinformanteperu.com\/index.php\/wp-json\/wp\/v2\/categories?post=133341"},{"taxonomy":"post_tag","embeddable":true,"href":"https:\/\/elinformanteperu.com\/index.php\/wp-json\/wp\/v2\/tags?post=133341"}],"curies":[{"name":"wp","href":"https:\/\/api.w.org\/{rel}","templated":true}]}}