{"id":13326,"date":"2017-07-19T19:13:08","date_gmt":"2017-07-20T00:13:08","guid":{"rendered":"http:\/\/elinformanteperu.com\/?p=13326"},"modified":"2017-07-19T19:13:08","modified_gmt":"2017-07-20T00:13:08","slug":"usain-bolt-rebaja-sus-pretensiones-de-convertirse-en-futbolista-profesional","status":"publish","type":"post","link":"https:\/\/elinformanteperu.com\/index.php\/2017\/07\/19\/usain-bolt-rebaja-sus-pretensiones-de-convertirse-en-futbolista-profesional\/","title":{"rendered":"Usain Bolt rebaja sus pretensiones de convertirse en futbolista profesional"},"content":{"rendered":"<p><span style=\"color: #000000;\"><strong>La leyenda del esprint Usain Bolt, que se retirar\u00e1 de las pistas tras el Mundial de Londres (del 4 al 13 de agosto), rebaj\u00f3 sus pretensiones de convertirse en futbolista profesional.<\/strong><\/span><\/p>\n<p><span style=\"color: #000000;\"><strong>Londres, 19 Julio 2017, (ANDINA).-<\/strong> La leyenda del esprint Usain Bolt, que se retirar\u00e1 de las pistas tras el Mundial de Londres (del 4 al 13 de agosto), rebaj\u00f3 sus pretensiones de convertirse en futbolista profesional, este mi\u00e9rcoles en M\u00f3naco al margen de la reuni\u00f3n atl\u00e9tica programada para este viernes.<\/span><\/p>\n<p><span style=\"color: #000000;\">\u00abNo me voy a estresar con ello, aunque no he descartado completamente la idea\u00bb, explic\u00f3 el jamaicano, que ha dominado las pruebas de velocidad desde 2008.<\/span><\/p>\n<p><span style=\"color: #000000;\">\u00abVolver a entrenarse duro todo el tiempo, enfrentarse en el terreno de juego, por el momento prefiero dejarlo de lado\u00bb, a\u00f1adi\u00f3 el ocho veces campe\u00f3n ol\u00edmpico.<\/span><\/p>\n<p><span style=\"color: #000000;\">En los \u00faltimos a\u00f1os, Bolt, un conocido seguidor del M\u00e1nchester United, no ha dejado de recordar su pasi\u00f3n por el f\u00fatbol e insistido en la idea de que le gustar\u00eda convertirse en un profesional del f\u00fatbol una vez deje el atletismo.<\/span><\/p>\n<p><span style=\"color: #000000;\">En noviembre de 2016, el Borussia Dortmund alem\u00e1n, que comparte con el velocista marca de ropa deportiva, volvi\u00f3 a lanzar la idea al anunciar que el jamaicano se entrenar\u00eda con el equipo.<\/span><\/p>\n<p><span style=\"color: #000000;\">\u00abNo es una broma ni un golpe medi\u00e1tico\u00bb, asegur\u00f3 entonces el presidente del club alem\u00e1n.<\/span><\/p>\n<p><img fetchpriority=\"high\" decoding=\"async\" class=\"aligncenter size-full wp-image-13328\" src=\"http:\/\/elinformanteperu.com\/wp-content\/uploads\/2017\/07\/usain-bolt3.jpg\" alt=\"\" width=\"749\" height=\"499\" srcset=\"https:\/\/elinformanteperu.com\/wp-content\/uploads\/2017\/07\/usain-bolt3.jpg 749w, https:\/\/elinformanteperu.com\/wp-content\/uploads\/2017\/07\/usain-bolt3-300x200.jpg 300w, https:\/\/elinformanteperu.com\/wp-content\/uploads\/2017\/07\/usain-bolt3-128x85.jpg 128w, https:\/\/elinformanteperu.com\/wp-content\/uploads\/2017\/07\/usain-bolt3-32x21.jpg 32w\" sizes=\"(max-width: 749px) 100vw, 749px\" \/><\/p>\n","protected":false},"excerpt":{"rendered":"<p>La leyenda del esprint Usain Bolt, que se retirar\u00e1 de las pistas tras el Mundial de Londres (del 4 al 13 de agosto), rebaj\u00f3 sus pretensiones de convertirse en futbolista profesional. Londres, 19 Julio 2017, (ANDINA).- La leyenda del esprint Usain Bolt, que se retirar\u00e1 de las pistas tras el Mundial de Londres (del 4 [&hellip;]<\/p>\n","protected":false},"author":1,"featured_media":13327,"comment_status":"open","ping_status":"open","sticky":false,"template":"","format":"standard","meta":{"rop_custom_images_group":[],"rop_custom_messages_group":[],"rop_publish_now":"initial","rop_publish_now_accounts":[],"rop_publish_now_history":[],"rop_publish_now_status":"pending","footnotes":""},"categories":[8],"tags":[86],"class_list":["post-13326","post","type-post","status-publish","format-standard","has-post-thumbnail","hentry","category-disciplinas-deportivas","tag-usain-bolt"],"_links":{"self":[{"href":"https:\/\/elinformanteperu.com\/index.php\/wp-json\/wp\/v2\/posts\/13326","targetHints":{"allow":["GET"]}}],"collection":[{"href":"https:\/\/elinformanteperu.com\/index.php\/wp-json\/wp\/v2\/posts"}],"about":[{"href":"https:\/\/elinformanteperu.com\/index.php\/wp-json\/wp\/v2\/types\/post"}],"author":[{"embeddable":true,"href":"https:\/\/elinformanteperu.com\/index.php\/wp-json\/wp\/v2\/users\/1"}],"replies":[{"embeddable":true,"href":"https:\/\/elinformanteperu.com\/index.php\/wp-json\/wp\/v2\/comments?post=13326"}],"version-history":[{"count":1,"href":"https:\/\/elinformanteperu.com\/index.php\/wp-json\/wp\/v2\/posts\/13326\/revisions"}],"predecessor-version":[{"id":13329,"href":"https:\/\/elinformanteperu.com\/index.php\/wp-json\/wp\/v2\/posts\/13326\/revisions\/13329"}],"wp:featuredmedia":[{"embeddable":true,"href":"https:\/\/elinformanteperu.com\/index.php\/wp-json\/wp\/v2\/media\/13327"}],"wp:attachment":[{"href":"https:\/\/elinformanteperu.com\/index.php\/wp-json\/wp\/v2\/media?parent=13326"}],"wp:term":[{"taxonomy":"category","embeddable":true,"href":"https:\/\/elinformanteperu.com\/index.php\/wp-json\/wp\/v2\/categories?post=13326"},{"taxonomy":"post_tag","embeddable":true,"href":"https:\/\/elinformanteperu.com\/index.php\/wp-json\/wp\/v2\/tags?post=13326"}],"curies":[{"name":"wp","href":"https:\/\/api.w.org\/{rel}","templated":true}]}}