{"id":13320,"date":"2017-07-19T00:25:10","date_gmt":"2017-07-19T05:25:10","guid":{"rendered":"http:\/\/elinformanteperu.com\/?p=13320"},"modified":"2017-07-19T00:30:30","modified_gmt":"2017-07-19T05:30:30","slug":"subgrupo-del-congreso-aprobo-candidatura-de-nelson-shack-para-contralor","status":"publish","type":"post","link":"https:\/\/elinformanteperu.com\/index.php\/2017\/07\/19\/subgrupo-del-congreso-aprobo-candidatura-de-nelson-shack-para-contralor\/","title":{"rendered":"Subgrupo del Congreso aprob\u00f3 candidatura de Nelson Shack para contralor"},"content":{"rendered":"<p><strong><span style=\"color: #000000;\">La candidatura de Nelson Shack para el cargo de contralor fue aprobada por el subgrupo del Congreso que analiz\u00f3 su \u00abcurriculum vitae\u00bb y trayectoria.<\/span><\/strong><\/p>\n<p><span style=\"color: #000000;\"><strong>Lima, 18 Julio 2017, (ANDINA).-<\/strong> La candidatura de Nelson Shack para el cargo de contralor fue aprobada por el subgrupo del Congreso que analiz\u00f3 su \u00abcurriculum vitae\u00bb y trayectoria, inform\u00f3 Percy Alcal\u00e1, vicepresidente de esa subcomisi\u00f3n, al asegurar que la evaluaci\u00f3n fue t\u00e9cnica y muy profesional.<\/span><\/p>\n<p><span style=\"color: #000000;\">\u201cEl subgrupo tuvo el tiempo suficiente para evaluar y merituar el &#8216;curriculum&#8217; (&#8230;) Hemos visto los requisitos, que s\u00ed los cumple. No tiene (Nelson Shack) hasta el momento ning\u00fan impedimento\u201d, indic\u00f3 el legislador de las filas de Fuerza Popular.<\/span><\/p>\n<p><span style=\"color: #000000;\">Record\u00f3 que el an\u00e1lisis de esta candidatura comprendi\u00f3 no solo la parte acad\u00e9mica, sino tambi\u00e9n el \u00e1mbito judicial y el fiscal, e incluso aspectos de su vida personal para evitar \u201cfuturos esc\u00e1ndalos\u201d.<\/span><\/p>\n<p><span style=\"color: #000000;\">Por su parte, Juan Sheput, congresista y vicepresidente de este subgrupo evaluador, refiri\u00f3 que el economista, de 45 a\u00f1os, propuesto por el Poder Ejecutivo, absolvi\u00f3 todas las dudas en torno a su trayectoria, tanto en t\u00e9rminos acad\u00e9micos como judiciales y pol\u00edticos.<\/span><\/p>\n<p><span style=\"color: #000000;\">\u201cEl subgrupo, por amplia mayor\u00eda, ha decidido aprobar la candidatura de Nelson Shack por una sencilla raz\u00f3n: cumple con las exigencias del articulado de la ley del sistema nacional de control\u201d, explic\u00f3 el tambi\u00e9n legislador de Peruanos por el Kambio (PPK).<\/span><\/p>\n<p><span style=\"color: #000000;\">A\u00f1adi\u00f3 que en las pr\u00f3ximas horas la presidenta del Congreso, Luz Salgado, remitir\u00e1 el informe sobre Nelson Shack a la Comisi\u00f3n Permanente, la cual a su vez deber\u00e1 someterlo a un amplio debate para designar, quiz\u00e1s antes de terminar la sesi\u00f3n de este mi\u00e9rcoles, al nuevo contralor.<\/span><\/p>\n<p><span style=\"color: #000000;\">\u201cLa Comisi\u00f3n Permanente ha sido citada para ma\u00f1ana (mi\u00e9rcoles) a las 10:00 horas. Luego habr\u00e1 un amplio debate. No queremos cometer el mismo error de hace un a\u00f1o, cuando el humalismo impuso a Edgar Alarc\u00f3n sin mayor discusi\u00f3n\u201d, refiri\u00f3 Sheput.<\/span><\/p>\n<p><span style=\"color: #000000;\">A su turno, Gloria Montenegro, legisladora de Alianza para el Progreso (APP), subray\u00f3 que en la evaluaci\u00f3n a Nelson Shack se verificaron de manera meticulosa todos los documentos y certificados presentados por el postulante para acreditar su formaci\u00f3n y experiencia.<\/span><\/p>\n<p><span style=\"color: #000000;\">\u201cHa trabajado en diferentes gobiernos y en el Ministerio de Econom\u00eda y Finanzas (MEF). Creo que t\u00e9cnicamente califica (\u2026). Se ha votado a favor por unanimidad\u201d, resalt\u00f3.<\/span><\/p>\n<p><span style=\"color: #000000;\">Por su parte, la congresista del Frente Amplio Mar\u00eda Elena Foronda consider\u00f3 que, luego de corroborar que Nelson Shack no registra antecedentes penales ni judiciales, su idoneidad para ocupar el cargo de contralor general de la Rep\u00fablica no est\u00e1 comprometida.<\/span><\/p>\n","protected":false},"excerpt":{"rendered":"<p>La candidatura de Nelson Shack para el cargo de contralor fue aprobada por el subgrupo del Congreso que analiz\u00f3 su \u00abcurriculum vitae\u00bb y trayectoria. Lima, 18 Julio 2017, (ANDINA).- La candidatura de Nelson Shack para el cargo de contralor fue aprobada por el subgrupo del Congreso que analiz\u00f3 su \u00abcurriculum vitae\u00bb y trayectoria, inform\u00f3 Percy [&hellip;]<\/p>\n","protected":false},"author":1,"featured_media":4303,"comment_status":"open","ping_status":"open","sticky":false,"template":"","format":"standard","meta":{"rop_custom_images_group":[],"rop_custom_messages_group":[],"rop_publish_now":"initial","rop_publish_now_accounts":[],"rop_publish_now_history":[],"rop_publish_now_status":"pending","footnotes":""},"categories":[5],"tags":[180,1860],"class_list":["post-13320","post","type-post","status-publish","format-standard","has-post-thumbnail","hentry","category-actualidad-informativa","tag-juan-sheput","tag-nelson-shack"],"_links":{"self":[{"href":"https:\/\/elinformanteperu.com\/index.php\/wp-json\/wp\/v2\/posts\/13320","targetHints":{"allow":["GET"]}}],"collection":[{"href":"https:\/\/elinformanteperu.com\/index.php\/wp-json\/wp\/v2\/posts"}],"about":[{"href":"https:\/\/elinformanteperu.com\/index.php\/wp-json\/wp\/v2\/types\/post"}],"author":[{"embeddable":true,"href":"https:\/\/elinformanteperu.com\/index.php\/wp-json\/wp\/v2\/users\/1"}],"replies":[{"embeddable":true,"href":"https:\/\/elinformanteperu.com\/index.php\/wp-json\/wp\/v2\/comments?post=13320"}],"version-history":[{"count":1,"href":"https:\/\/elinformanteperu.com\/index.php\/wp-json\/wp\/v2\/posts\/13320\/revisions"}],"predecessor-version":[{"id":13321,"href":"https:\/\/elinformanteperu.com\/index.php\/wp-json\/wp\/v2\/posts\/13320\/revisions\/13321"}],"wp:featuredmedia":[{"embeddable":true,"href":"https:\/\/elinformanteperu.com\/index.php\/wp-json\/wp\/v2\/media\/4303"}],"wp:attachment":[{"href":"https:\/\/elinformanteperu.com\/index.php\/wp-json\/wp\/v2\/media?parent=13320"}],"wp:term":[{"taxonomy":"category","embeddable":true,"href":"https:\/\/elinformanteperu.com\/index.php\/wp-json\/wp\/v2\/categories?post=13320"},{"taxonomy":"post_tag","embeddable":true,"href":"https:\/\/elinformanteperu.com\/index.php\/wp-json\/wp\/v2\/tags?post=13320"}],"curies":[{"name":"wp","href":"https:\/\/api.w.org\/{rel}","templated":true}]}}