{"id":133177,"date":"2025-01-14T13:22:20","date_gmt":"2025-01-14T18:22:20","guid":{"rendered":"https:\/\/elinformanteperu.com\/?p=133177"},"modified":"2025-01-14T13:22:20","modified_gmt":"2025-01-14T18:22:20","slug":"retiro-de-la-cts-presentan-nuevo-proyecto-en-congreso-para-libre-disponibilidad-el-2025","status":"publish","type":"post","link":"https:\/\/elinformanteperu.com\/index.php\/2025\/01\/14\/retiro-de-la-cts-presentan-nuevo-proyecto-en-congreso-para-libre-disponibilidad-el-2025\/","title":{"rendered":"Retiro de la CTS: presentan nuevo proyecto en Congreso para libre disponibilidad el 2025"},"content":{"rendered":"<p><span style=\"color: #000000;\"><strong>Lima, 14 de enero 2025, (ANDINA).-<\/strong> Un nuevo proyecto de ley para autorizar el retiro del 100% de la Compensaci\u00f3n por Tiempo de Servicios (CTS) hasta el 31 de diciembre de 2025, present\u00f3 el congresista Edgard Reymundo, de la bancada Bloque Democr\u00e1tico Popular (BDP).<\/span><\/p>\n<p><span style=\"color: #000000;\">El proyecto de ley N.\u00b0 9896\/2021-CR indica que la autorizaci\u00f3n de retiro de la CTS ser\u00eda por \u00fanica vez para los trabajadores comprendidos en los alcances del Texto \u00danico Ordenado del Decreto Legislativo 650, Ley de Compensaci\u00f3n por Tiempo de Servicios.<\/span><\/p>\n<p><span style=\"color: #000000;\">Reymundo fundamenta su propuesta en la recesi\u00f3n econ\u00f3mica del a\u00f1o pasado, que origina que muchas familias se adeuden o acudan a pr\u00e9stamos ilegales poniendo en riesgo sus vidas; y el incremento de la criminalidad, que ha originado que peque\u00f1os empresarios o negocios familiares cierren.<\/span><\/p>\n<p><span style=\"color: #000000;\">La iniciativa recuerda que, durante la pandemia de la Covid -19, se autorizaron diversos mecanismos de auxilio econ\u00f3mico para las familias, como la entrega de bonos, el retiro de la AFP y la disponibilidad de la CTS para que los peruanos puedan enfrentar esta cr\u00edtica situaci\u00f3n.<\/span><\/p>\n<p><span style=\"color: #000000;\">Precis\u00f3 adem\u00e1s que la libre disponibilidad de la CTS durante el 2024 tuvo un impacto positivo en el nivel de consumo, debido al incremento en la capacidad de compra de bienes y servicios que mejoraron la calidad de salud y educaci\u00f3n en sus familias.<\/span><\/p>\n<p><span style=\"color: #000000;\">\u201cCon m\u00e1s recursos a su disposici\u00f3n, las familias comprar\u00e1n m\u00e1s, lo que deber\u00eda traducirse en un aumento en la recaudaci\u00f3n del IGV, beneficiando as\u00ed a las arcas del Estado\u201d, asever\u00f3.<\/span><\/p>\n<p><span style=\"color: #000000;\">Esta es la segunda iniciativa legal que se presenta en el Congreso para autorizar la libre disponibilidad de la CTS para los trabajadores, beneficio que estuvo vigente hasta el 31 de diciembre de 2024.<\/span><\/p>\n<p><a href=\"https:\/\/elinformanteperu.com\/wp-content\/uploads\/2024\/08\/congreso-fachada4.jpg\"><img fetchpriority=\"high\" decoding=\"async\" class=\"size-full wp-image-123843 aligncenter\" src=\"https:\/\/elinformanteperu.com\/wp-content\/uploads\/2024\/08\/congreso-fachada4.jpg\" alt=\"\" width=\"500\" height=\"337\" srcset=\"https:\/\/elinformanteperu.com\/wp-content\/uploads\/2024\/08\/congreso-fachada4.jpg 500w, https:\/\/elinformanteperu.com\/wp-content\/uploads\/2024\/08\/congreso-fachada4-300x202.jpg 300w\" sizes=\"(max-width: 500px) 100vw, 500px\" \/><\/a><\/p>\n","protected":false},"excerpt":{"rendered":"<p>Lima, 14 de enero 2025, (ANDINA).- Un nuevo proyecto de ley para autorizar el retiro del 100% de la Compensaci\u00f3n por Tiempo de Servicios (CTS) hasta el 31 de diciembre de 2025, present\u00f3 el congresista Edgard Reymundo, de la bancada Bloque Democr\u00e1tico Popular (BDP). El proyecto de ley N.\u00b0 9896\/2021-CR indica que la autorizaci\u00f3n de [&hellip;]<\/p>\n","protected":false},"author":1,"featured_media":128231,"comment_status":"closed","ping_status":"closed","sticky":false,"template":"","format":"standard","meta":{"rop_custom_images_group":[],"rop_custom_messages_group":[],"rop_publish_now":"initial","rop_publish_now_accounts":[],"rop_publish_now_history":[],"rop_publish_now_status":"pending","footnotes":""},"categories":[5],"tags":[192,1561],"class_list":["post-133177","post","type-post","status-publish","format-standard","has-post-thumbnail","hentry","category-actualidad-informativa","tag-congreso","tag-cts"],"_links":{"self":[{"href":"https:\/\/elinformanteperu.com\/index.php\/wp-json\/wp\/v2\/posts\/133177","targetHints":{"allow":["GET"]}}],"collection":[{"href":"https:\/\/elinformanteperu.com\/index.php\/wp-json\/wp\/v2\/posts"}],"about":[{"href":"https:\/\/elinformanteperu.com\/index.php\/wp-json\/wp\/v2\/types\/post"}],"author":[{"embeddable":true,"href":"https:\/\/elinformanteperu.com\/index.php\/wp-json\/wp\/v2\/users\/1"}],"replies":[{"embeddable":true,"href":"https:\/\/elinformanteperu.com\/index.php\/wp-json\/wp\/v2\/comments?post=133177"}],"version-history":[{"count":1,"href":"https:\/\/elinformanteperu.com\/index.php\/wp-json\/wp\/v2\/posts\/133177\/revisions"}],"predecessor-version":[{"id":133178,"href":"https:\/\/elinformanteperu.com\/index.php\/wp-json\/wp\/v2\/posts\/133177\/revisions\/133178"}],"wp:featuredmedia":[{"embeddable":true,"href":"https:\/\/elinformanteperu.com\/index.php\/wp-json\/wp\/v2\/media\/128231"}],"wp:attachment":[{"href":"https:\/\/elinformanteperu.com\/index.php\/wp-json\/wp\/v2\/media?parent=133177"}],"wp:term":[{"taxonomy":"category","embeddable":true,"href":"https:\/\/elinformanteperu.com\/index.php\/wp-json\/wp\/v2\/categories?post=133177"},{"taxonomy":"post_tag","embeddable":true,"href":"https:\/\/elinformanteperu.com\/index.php\/wp-json\/wp\/v2\/tags?post=133177"}],"curies":[{"name":"wp","href":"https:\/\/api.w.org\/{rel}","templated":true}]}}